{"id":5397,"date":"2020-06-29T19:03:29","date_gmt":"2020-06-30T01:03:29","guid":{"rendered":"http:\/\/elmetidosve.com\/?p=5397"},"modified":"2020-06-29T19:03:37","modified_gmt":"2020-06-30T01:03:37","slug":"en-chalchuapa-hombre-de-93-anos-vence-al-covid-19","status":"publish","type":"post","link":"https:\/\/elmetidosv.com\/?p=5397","title":{"rendered":"En Chalchuapa hombre de 93 a\u00f1os vence al COVID-19"},"content":{"rendered":"\n<figure class=\"wp-block-gallery columns-3 is-cropped wp-block-gallery-1 is-layout-flex wp-block-gallery-is-layout-flex\"><ul class=\"blocks-gallery-grid\"><li class=\"blocks-gallery-item\"><figure><img loading=\"lazy\" decoding=\"async\" width=\"360\" height=\"270\" src=\"http:\/\/elmetidosve.com\/wp-content\/uploads\/2020\/06\/0000000000000000000000000000000000-228.jpg\" alt=\"\" data-id=\"5398\" data-full-url=\"http:\/\/elmetidosve.com\/wp-content\/uploads\/2020\/06\/0000000000000000000000000000000000-228.jpg\" data-link=\"http:\/\/elmetidosve.com\/?attachment_id=5398\" class=\"wp-image-5398\" srcset=\"https:\/\/elmetidosv.com\/wp-content\/uploads\/2020\/06\/0000000000000000000000000000000000-228.jpg 360w, https:\/\/elmetidosv.com\/wp-content\/uploads\/2020\/06\/0000000000000000000000000000000000-228-300x225.jpg 300w\" sizes=\"auto, (max-width: 360px) 100vw, 360px\" \/><\/figure><\/li><li class=\"blocks-gallery-item\"><figure><img loading=\"lazy\" decoding=\"async\" width=\"360\" height=\"270\" src=\"http:\/\/elmetidosve.com\/wp-content\/uploads\/2020\/06\/000000000000000000-224.jpg\" alt=\"\" data-id=\"5399\" data-full-url=\"http:\/\/elmetidosve.com\/wp-content\/uploads\/2020\/06\/000000000000000000-224.jpg\" data-link=\"http:\/\/elmetidosve.com\/?attachment_id=5399\" class=\"wp-image-5399\" srcset=\"https:\/\/elmetidosv.com\/wp-content\/uploads\/2020\/06\/000000000000000000-224.jpg 360w, https:\/\/elmetidosv.com\/wp-content\/uploads\/2020\/06\/000000000000000000-224-300x225.jpg 300w\" sizes=\"auto, (max-width: 360px) 100vw, 360px\" \/><\/figure><\/li><li class=\"blocks-gallery-item\"><figure><img loading=\"lazy\" decoding=\"async\" width=\"360\" height=\"270\" src=\"http:\/\/elmetidosve.com\/wp-content\/uploads\/2020\/06\/000000000000000-151.jpg\" alt=\"\" data-id=\"5400\" data-full-url=\"http:\/\/elmetidosve.com\/wp-content\/uploads\/2020\/06\/000000000000000-151.jpg\" data-link=\"http:\/\/elmetidosve.com\/?attachment_id=5400\" class=\"wp-image-5400\" srcset=\"https:\/\/elmetidosv.com\/wp-content\/uploads\/2020\/06\/000000000000000-151.jpg 360w, https:\/\/elmetidosv.com\/wp-content\/uploads\/2020\/06\/000000000000000-151-300x225.jpg 300w\" sizes=\"auto, (max-width: 360px) 100vw, 360px\" \/><\/figure><\/li><\/ul><\/figure>\n\n\n\n<p>Con alegr\u00eda y optimismo fue despedido un paciente de 93 a\u00f1os, que gracias al noble esfuerzo del personal m\u00e9dico venci\u00f3 al COVID-19 y este lunes recibi\u00f3 el alta m\u00e9dica en el Hospital Nacional de Chalchuapa, Santa Ana.<\/p>\n\n\n\n<p>Junto al ancianito, otros tres pacientes de entre 51 a 61 a\u00f1os de edad, se recuperaron de la mortal enfermedad y este d\u00eda, finalmente, pudieron regresar a sus hogares con sus familias.<\/p>\n\n\n\n<p>De acuerdo con las autoridades del Ministerio de Salud, a los pacientes se les aplic\u00f3 todo el protocolo de atenci\u00f3n m\u00e9dica y despu\u00e9s de varios d\u00edas de luchar contra el virus, hoy regresan a sus hogares donde deber\u00e1n cumplir una estricta cuarentena domiciliar vigilada.<\/p>\n\n\n\n<p>El ministro de Salud, Fracisco Alabi, ha pedido a la poblaci\u00f3n no bajar la guardia contra el coronavirus y seguir con el uso de las mascarillas, el lavado de manos y el distanciamiento social, entre otras medidas. \u201cLa poblaci\u00f3n debe quedarse en casa, esa es la \u00fanica manera de disminuir la cantidad de consultas\u201d, recalc\u00f3.<\/p>\n\n\n\n<p>Hasta este lunes, en El Salvador se reportan 6,173 casos de COVID-19, de los cuales 2,361 se encuentran activos. Adem\u00e1s, se reportan 3,648 recuperados y 164 fallecidos.<\/p>\n","protected":false},"excerpt":{"rendered":"<p>Con alegr\u00eda y optimismo fue despedido un paciente de 93 a\u00f1os, que gracias al noble esfuerzo del personal m\u00e9dico venci\u00f3<\/p>\n","protected":false},"author":1,"featured_media":5399,"comment_status":"open","ping_status":"open","sticky":false,"template":"","format":"standard","meta":{"colormag_page_container_layout":"default_layout","colormag_page_sidebar_layout":"default_layout","footnotes":""},"categories":[1],"tags":[],"class_list":["post-5397","post","type-post","status-publish","format-standard","has-post-thumbnail","hentry","category-nacional"],"_links":{"self":[{"href":"https:\/\/elmetidosv.com\/index.php?rest_route=\/wp\/v2\/posts\/5397","targetHints":{"allow":["GET"]}}],"collection":[{"href":"https:\/\/elmetidosv.com\/index.php?rest_route=\/wp\/v2\/posts"}],"about":[{"href":"https:\/\/elmetidosv.com\/index.php?rest_route=\/wp\/v2\/types\/post"}],"author":[{"embeddable":true,"href":"https:\/\/elmetidosv.com\/index.php?rest_route=\/wp\/v2\/users\/1"}],"replies":[{"embeddable":true,"href":"https:\/\/elmetidosv.com\/index.php?rest_route=%2Fwp%2Fv2%2Fcomments&post=5397"}],"version-history":[{"count":1,"href":"https:\/\/elmetidosv.com\/index.php?rest_route=\/wp\/v2\/posts\/5397\/revisions"}],"predecessor-version":[{"id":5401,"href":"https:\/\/elmetidosv.com\/index.php?rest_route=\/wp\/v2\/posts\/5397\/revisions\/5401"}],"wp:featuredmedia":[{"embeddable":true,"href":"https:\/\/elmetidosv.com\/index.php?rest_route=\/wp\/v2\/media\/5399"}],"wp:attachment":[{"href":"https:\/\/elmetidosv.com\/index.php?rest_route=%2Fwp%2Fv2%2Fmedia&parent=5397"}],"wp:term":[{"taxonomy":"category","embeddable":true,"href":"https:\/\/elmetidosv.com\/index.php?rest_route=%2Fwp%2Fv2%2Fcategories&post=5397"},{"taxonomy":"post_tag","embeddable":true,"href":"https:\/\/elmetidosv.com\/index.php?rest_route=%2Fwp%2Fv2%2Ftags&post=5397"}],"curies":[{"name":"wp","href":"https:\/\/api.w.org\/{rel}","templated":true}]}}