{"id":5373,"date":"2020-06-29T14:33:04","date_gmt":"2020-06-29T20:33:04","guid":{"rendered":"http:\/\/elmetidosve.com\/?p=5373"},"modified":"2020-06-29T14:33:12","modified_gmt":"2020-06-29T20:33:12","slug":"con-medidas-preventivas-privados-de-libertad-reciben-clases-de-ingles-y-frances-como-parte-de-su-formacion-academica","status":"publish","type":"post","link":"https:\/\/elmetidosv.com\/?p=5373","title":{"rendered":"Con medidas preventivas, privados de libertad reciben clases de ingl\u00e9s y franc\u00e9s como parte de su formaci\u00f3n acad\u00e9mica"},"content":{"rendered":"\n<figure class=\"wp-block-gallery columns-3 is-cropped wp-block-gallery-1 is-layout-flex wp-block-gallery-is-layout-flex\"><ul class=\"blocks-gallery-grid\"><li class=\"blocks-gallery-item\"><figure><img loading=\"lazy\" decoding=\"async\" width=\"360\" height=\"206\" src=\"http:\/\/elmetidosve.com\/wp-content\/uploads\/2020\/06\/0000000000000000000000000000000000-223.jpg\" alt=\"\" data-id=\"5374\" data-full-url=\"http:\/\/elmetidosve.com\/wp-content\/uploads\/2020\/06\/0000000000000000000000000000000000-223.jpg\" data-link=\"http:\/\/elmetidosve.com\/?attachment_id=5374\" class=\"wp-image-5374\" srcset=\"https:\/\/elmetidosv.com\/wp-content\/uploads\/2020\/06\/0000000000000000000000000000000000-223.jpg 360w, https:\/\/elmetidosv.com\/wp-content\/uploads\/2020\/06\/0000000000000000000000000000000000-223-300x172.jpg 300w\" sizes=\"auto, (max-width: 360px) 100vw, 360px\" \/><\/figure><\/li><li class=\"blocks-gallery-item\"><figure><img loading=\"lazy\" decoding=\"async\" width=\"307\" height=\"360\" src=\"http:\/\/elmetidosve.com\/wp-content\/uploads\/2020\/06\/000000000000000000-219.jpg\" alt=\"\" data-id=\"5375\" data-full-url=\"http:\/\/elmetidosve.com\/wp-content\/uploads\/2020\/06\/000000000000000000-219.jpg\" data-link=\"http:\/\/elmetidosve.com\/?attachment_id=5375\" class=\"wp-image-5375\" srcset=\"https:\/\/elmetidosv.com\/wp-content\/uploads\/2020\/06\/000000000000000000-219.jpg 307w, https:\/\/elmetidosv.com\/wp-content\/uploads\/2020\/06\/000000000000000000-219-256x300.jpg 256w\" sizes=\"auto, (max-width: 307px) 100vw, 307px\" \/><\/figure><\/li><li class=\"blocks-gallery-item\"><figure><img loading=\"lazy\" decoding=\"async\" width=\"310\" height=\"360\" src=\"http:\/\/elmetidosve.com\/wp-content\/uploads\/2020\/06\/000000000000000-148.jpg\" alt=\"\" data-id=\"5376\" data-full-url=\"http:\/\/elmetidosve.com\/wp-content\/uploads\/2020\/06\/000000000000000-148.jpg\" data-link=\"http:\/\/elmetidosve.com\/?attachment_id=5376\" class=\"wp-image-5376\" srcset=\"https:\/\/elmetidosv.com\/wp-content\/uploads\/2020\/06\/000000000000000-148.jpg 310w, https:\/\/elmetidosv.com\/wp-content\/uploads\/2020\/06\/000000000000000-148-258x300.jpg 258w\" sizes=\"auto, (max-width: 310px) 100vw, 310px\" \/><\/figure><\/li><li class=\"blocks-gallery-item\"><figure><img loading=\"lazy\" decoding=\"async\" width=\"360\" height=\"310\" src=\"http:\/\/elmetidosve.com\/wp-content\/uploads\/2020\/06\/0000-88.jpg\" alt=\"\" data-id=\"5377\" data-full-url=\"http:\/\/elmetidosve.com\/wp-content\/uploads\/2020\/06\/0000-88.jpg\" data-link=\"http:\/\/elmetidosve.com\/?attachment_id=5377\" class=\"wp-image-5377\" srcset=\"https:\/\/elmetidosv.com\/wp-content\/uploads\/2020\/06\/0000-88.jpg 360w, https:\/\/elmetidosv.com\/wp-content\/uploads\/2020\/06\/0000-88-300x258.jpg 300w\" sizes=\"auto, (max-width: 360px) 100vw, 360px\" \/><\/figure><\/li><\/ul><\/figure>\n\n\n\n<p>Como parte de fortalecimeinto y conocimiento educativo de los privados de libertad de todo el Sistema Penitenciario, se imparten los diferentes programas de tratamiento penitenciario que permite a los internos recibir clases de ingl\u00e9s y franc\u00e9s, esto como parte de su formaci\u00f3n acad\u00e9mica\u201d, seg\u00fan detalla el Director General de Centros Penales (DGCP), Osiris Luna Meza.<\/p>\n\n\n\n<p>Las autoridades penitenciarias afirman que estos programas educativos, son parte del Plan Cero Ocio que se impulsa con el objetivo de fomentar h\u00e1bitos de trabajo y de aprendizaje, para cuando los reclusos recobren su libertad les pueda ser de utilidad dentro de la sociedad.<\/p>\n\n\n\n<p>Asimismo, \u201cel programa de educaci\u00f3n no formal capacita a las privadas de libertad en temas como: ingl\u00e9s b\u00e1sico, matem\u00e1ticas, historia de El Salvador, urbanidad moral y c\u00edvica, ortograf\u00eda y gram\u00e1tica, lectura, educaci\u00f3n para la vida, alfabetizaci\u00f3n, expresi\u00f3n oral y escrita, y muchos m\u00e1s\u201d, detalla Osiris Luna ,Meza.<\/p>\n\n\n\n<p>Adem\u00e1s, el funcionario recalca que \u201clos valores espirituales son fortalecidos a trav\u00e9s del Programa de religi\u00f3n, el cual es voluntario para cualquier privado de libertad de acuerdo a la fe o creencia que profese.<\/p>\n\n\n\n<p>Como referente, en el Centro Penal de Mujeres de Ilopango a las privadas de libertad se les imparten los diferentes programas de rehabilitaci\u00f3n como  arte y cultura, deporte, formaci\u00f3n y productivo laboral, salud, entre otros que beneficien la integridad de las internas.<\/p>\n","protected":false},"excerpt":{"rendered":"<p>Como parte de fortalecimeinto y conocimiento educativo de los privados de libertad de todo el Sistema Penitenciario, se imparten los<\/p>\n","protected":false},"author":1,"featured_media":5377,"comment_status":"open","ping_status":"open","sticky":false,"template":"","format":"standard","meta":{"colormag_page_container_layout":"default_layout","colormag_page_sidebar_layout":"default_layout","footnotes":""},"categories":[1],"tags":[],"class_list":["post-5373","post","type-post","status-publish","format-standard","has-post-thumbnail","hentry","category-nacional"],"_links":{"self":[{"href":"https:\/\/elmetidosv.com\/index.php?rest_route=\/wp\/v2\/posts\/5373","targetHints":{"allow":["GET"]}}],"collection":[{"href":"https:\/\/elmetidosv.com\/index.php?rest_route=\/wp\/v2\/posts"}],"about":[{"href":"https:\/\/elmetidosv.com\/index.php?rest_route=\/wp\/v2\/types\/post"}],"author":[{"embeddable":true,"href":"https:\/\/elmetidosv.com\/index.php?rest_route=\/wp\/v2\/users\/1"}],"replies":[{"embeddable":true,"href":"https:\/\/elmetidosv.com\/index.php?rest_route=%2Fwp%2Fv2%2Fcomments&post=5373"}],"version-history":[{"count":1,"href":"https:\/\/elmetidosv.com\/index.php?rest_route=\/wp\/v2\/posts\/5373\/revisions"}],"predecessor-version":[{"id":5378,"href":"https:\/\/elmetidosv.com\/index.php?rest_route=\/wp\/v2\/posts\/5373\/revisions\/5378"}],"wp:featuredmedia":[{"embeddable":true,"href":"https:\/\/elmetidosv.com\/index.php?rest_route=\/wp\/v2\/media\/5377"}],"wp:attachment":[{"href":"https:\/\/elmetidosv.com\/index.php?rest_route=%2Fwp%2Fv2%2Fmedia&parent=5373"}],"wp:term":[{"taxonomy":"category","embeddable":true,"href":"https:\/\/elmetidosv.com\/index.php?rest_route=%2Fwp%2Fv2%2Fcategories&post=5373"},{"taxonomy":"post_tag","embeddable":true,"href":"https:\/\/elmetidosv.com\/index.php?rest_route=%2Fwp%2Fv2%2Ftags&post=5373"}],"curies":[{"name":"wp","href":"https:\/\/api.w.org\/{rel}","templated":true}]}}