{"id":5339,"date":"2020-06-28T18:42:59","date_gmt":"2020-06-29T00:42:59","guid":{"rendered":"http:\/\/elmetidosve.com\/?p=5339"},"modified":"2020-06-28T18:43:53","modified_gmt":"2020-06-29T00:43:53","slug":"colombia-suma-mas-de-90-000-casos-de-coronavirus-tras-registrar-3-178-nuevos-contagios-en-la-ultima-jornada","status":"publish","type":"post","link":"https:\/\/elmetidosv.com\/?p=5339","title":{"rendered":"Colombia suma m\u00e1s de 90.000 casos de coronavirus tras registrar 3.178 nuevos contagios en la \u00faltima jornada"},"content":{"rendered":"\n<p> Las autoridades sanitarias tambi\u00e9n reportaron 167 casos letales.<\/p>\n\n\n\n<p>El Ministerio de Salud de Colombia inform\u00f3 el domingo sobre 3.178 casos detectados de coronavirus y 167 muertes durante las \u00faltimas 24 horas, y el n\u00famero total de contagios asciende a los 91.769.<\/p>\n\n\n\n<p>En total, en la naci\u00f3n latinoamericana han fallecido 3.106 pacientes con covid-19, en tanto que 38.280 personas contagiadas se han recuperado. <\/p>\n\n\n\n<p>M\u00e1s de 18.000 pruebas se hacen diariamente para detectar nuevas infecciones. <\/p>\n\n\n\n<p><br><\/p>\n","protected":false},"excerpt":{"rendered":"<p>Las autoridades sanitarias tambi\u00e9n reportaron 167 casos letales. El Ministerio de Salud de Colombia inform\u00f3 el domingo sobre 3.178 casos<\/p>\n","protected":false},"author":1,"featured_media":5340,"comment_status":"open","ping_status":"open","sticky":false,"template":"","format":"standard","meta":{"colormag_page_container_layout":"default_layout","colormag_page_sidebar_layout":"default_layout","footnotes":""},"categories":[3],"tags":[],"class_list":["post-5339","post","type-post","status-publish","format-standard","has-post-thumbnail","hentry","category-internacional"],"_links":{"self":[{"href":"https:\/\/elmetidosv.com\/index.php?rest_route=\/wp\/v2\/posts\/5339","targetHints":{"allow":["GET"]}}],"collection":[{"href":"https:\/\/elmetidosv.com\/index.php?rest_route=\/wp\/v2\/posts"}],"about":[{"href":"https:\/\/elmetidosv.com\/index.php?rest_route=\/wp\/v2\/types\/post"}],"author":[{"embeddable":true,"href":"https:\/\/elmetidosv.com\/index.php?rest_route=\/wp\/v2\/users\/1"}],"replies":[{"embeddable":true,"href":"https:\/\/elmetidosv.com\/index.php?rest_route=%2Fwp%2Fv2%2Fcomments&post=5339"}],"version-history":[{"count":1,"href":"https:\/\/elmetidosv.com\/index.php?rest_route=\/wp\/v2\/posts\/5339\/revisions"}],"predecessor-version":[{"id":5341,"href":"https:\/\/elmetidosv.com\/index.php?rest_route=\/wp\/v2\/posts\/5339\/revisions\/5341"}],"wp:featuredmedia":[{"embeddable":true,"href":"https:\/\/elmetidosv.com\/index.php?rest_route=\/wp\/v2\/media\/5340"}],"wp:attachment":[{"href":"https:\/\/elmetidosv.com\/index.php?rest_route=%2Fwp%2Fv2%2Fmedia&parent=5339"}],"wp:term":[{"taxonomy":"category","embeddable":true,"href":"https:\/\/elmetidosv.com\/index.php?rest_route=%2Fwp%2Fv2%2Fcategories&post=5339"},{"taxonomy":"post_tag","embeddable":true,"href":"https:\/\/elmetidosv.com\/index.php?rest_route=%2Fwp%2Fv2%2Ftags&post=5339"}],"curies":[{"name":"wp","href":"https:\/\/api.w.org\/{rel}","templated":true}]}}