{"id":522,"date":"2020-03-09T12:28:11","date_gmt":"2020-03-09T18:28:11","guid":{"rendered":"http:\/\/elmetidosve.com\/?p=522"},"modified":"2020-03-09T12:28:18","modified_gmt":"2020-03-09T18:28:18","slug":"detienen-en-santa-ana-a-tres-acusados-de-asesinar-a-dos-policias","status":"publish","type":"post","link":"https:\/\/elmetidosv.com\/?p=522","title":{"rendered":"Detienen en Santa Ana a tres acusados de asesinar a dos polic\u00edas"},"content":{"rendered":"\n<p>La Divisi\u00f3n Central de Investigaciones de la polic\u00eda detuvo mediante \u00f3rdenes administrativas a 3 sujetos acusados del asesinato de dos polic\u00edas, ocurrido en el mes de abril del 2019, en Santa Ana.<\/p>\n\n\n\n<p>Los capturados son Edwin Armando Ramos Sandoval, Miguel Antonio Mart\u00ednez Guevara (a) Infierno o Drone y Luis Fernando Escobar Gonz\u00e1lez (a) Sayper acusados del homicidio agravado en perjuicio de Jos\u00e9 Osmin Men\u00e9ndez y Oscar Armando Boj\u00f3rquez Ram\u00edrez.<\/p>\n\n\n\n<p>Este hecho ocurri\u00f3 el 27 de abril del a\u00f1o pasado cuando los polic\u00edas se conduc\u00edan en una motocicleta frente a la entrada del turicentro Sihuatehuacan y fueron atacados con disparos desde el interior de un veh\u00edculo, seg\u00fan se dijo.<\/p>\n\n\n\n<p>De acuerdo con la informaci\u00f3n, estos tres sujetos fueron arrestados durante las \u00faltimas horas en ese departamento, a quienes se les acusar\u00e1 del delito en menci\u00f3n.<\/p>\n","protected":false},"excerpt":{"rendered":"<p>La Divisi\u00f3n Central de Investigaciones de la polic\u00eda detuvo mediante \u00f3rdenes administrativas a 3 sujetos acusados del asesinato de dos<\/p>\n","protected":false},"author":1,"featured_media":524,"comment_status":"open","ping_status":"open","sticky":false,"template":"","format":"standard","meta":{"colormag_page_container_layout":"default_layout","colormag_page_sidebar_layout":"default_layout","footnotes":""},"categories":[1],"tags":[],"class_list":["post-522","post","type-post","status-publish","format-standard","has-post-thumbnail","hentry","category-nacional"],"_links":{"self":[{"href":"https:\/\/elmetidosv.com\/index.php?rest_route=\/wp\/v2\/posts\/522","targetHints":{"allow":["GET"]}}],"collection":[{"href":"https:\/\/elmetidosv.com\/index.php?rest_route=\/wp\/v2\/posts"}],"about":[{"href":"https:\/\/elmetidosv.com\/index.php?rest_route=\/wp\/v2\/types\/post"}],"author":[{"embeddable":true,"href":"https:\/\/elmetidosv.com\/index.php?rest_route=\/wp\/v2\/users\/1"}],"replies":[{"embeddable":true,"href":"https:\/\/elmetidosv.com\/index.php?rest_route=%2Fwp%2Fv2%2Fcomments&post=522"}],"version-history":[{"count":1,"href":"https:\/\/elmetidosv.com\/index.php?rest_route=\/wp\/v2\/posts\/522\/revisions"}],"predecessor-version":[{"id":525,"href":"https:\/\/elmetidosv.com\/index.php?rest_route=\/wp\/v2\/posts\/522\/revisions\/525"}],"wp:featuredmedia":[{"embeddable":true,"href":"https:\/\/elmetidosv.com\/index.php?rest_route=\/wp\/v2\/media\/524"}],"wp:attachment":[{"href":"https:\/\/elmetidosv.com\/index.php?rest_route=%2Fwp%2Fv2%2Fmedia&parent=522"}],"wp:term":[{"taxonomy":"category","embeddable":true,"href":"https:\/\/elmetidosv.com\/index.php?rest_route=%2Fwp%2Fv2%2Fcategories&post=522"},{"taxonomy":"post_tag","embeddable":true,"href":"https:\/\/elmetidosv.com\/index.php?rest_route=%2Fwp%2Fv2%2Ftags&post=522"}],"curies":[{"name":"wp","href":"https:\/\/api.w.org\/{rel}","templated":true}]}}