{"id":518,"date":"2020-03-09T12:24:30","date_gmt":"2020-03-09T18:24:30","guid":{"rendered":"http:\/\/elmetidosve.com\/?p=518"},"modified":"2020-03-09T12:24:37","modified_gmt":"2020-03-09T18:24:37","slug":"268-fallecidos-en-accidentes-viales-registra-el-pais-en-lo-que-va-del-ano","status":"publish","type":"post","link":"https:\/\/elmetidosv.com\/?p=518","title":{"rendered":"268 fallecidos en accidentes viales registra el pa\u00eds en lo que va del a\u00f1o"},"content":{"rendered":"\n<figure class=\"wp-block-image size-large\"><img loading=\"lazy\" decoding=\"async\" width=\"1024\" height=\"512\" src=\"http:\/\/elmetidosve.com\/wp-content\/uploads\/2020\/03\/0000000000000000000000-15-1024x512.jpg\" alt=\"\" class=\"wp-image-519\" srcset=\"https:\/\/elmetidosv.com\/wp-content\/uploads\/2020\/03\/0000000000000000000000-15-1024x512.jpg 1024w, https:\/\/elmetidosv.com\/wp-content\/uploads\/2020\/03\/0000000000000000000000-15-300x150.jpg 300w, https:\/\/elmetidosv.com\/wp-content\/uploads\/2020\/03\/0000000000000000000000-15-768x384.jpg 768w, https:\/\/elmetidosv.com\/wp-content\/uploads\/2020\/03\/0000000000000000000000-15.jpg 1280w\" sizes=\"auto, (max-width: 1024px) 100vw, 1024px\" \/><\/figure>\n\n\n\n<p>Un total de 4,194 accidentes de tr\u00e1nsito se registran a escala nacional desde el 1 de enero al 8 de marzo durante los cuales 268 personas perdieron la vida, se\u00f1ala este lunes un informe de la Divisi\u00f3n de Tr\u00e1nsito Terrestre.<\/p>\n\n\n\n<p>De acuerdo con las estad\u00edsticas de la polic\u00eda, durante este mismo tiempo 2,201 personas resultados con diferentes lesiones a causa de los percances, mientras que 380 fueron detenidos bajo el cargo de conductores peligrosos.<\/p>\n\n\n\n<p>Las autoridades encargadas dijeron que la causa principal contin\u00faa siendo la distracci\u00f3n del conductor al volante. Por su parte la polic\u00eda desarrolla controles vehiculares en diferentes puntos del pa\u00eds con el objetivo de reducir estas cifras con saldos fatales.<\/p>\n\n\n\n<p>Seg\u00fan los recuentos policiales este domingo 8 de marzo se contabilizaron 49 accidentes automovil\u00edsticos que dejaron 5 fallecidos, 38 lesionados, y 10 conductores peligrosos capturados en diferentes puntos del pa\u00eds.<\/p>\n\n\n\n<p>Otras causales de la siniestralidad son la invasi\u00f3n al carril, no guardar la distancia reglamentaria, no respetar las se\u00f1ales de tr\u00e1nsito, velocidad inadecuada y manejar en estado de ebriedad.<\/p>\n","protected":false},"excerpt":{"rendered":"<p>Un total de 4,194 accidentes de tr\u00e1nsito se registran a escala nacional desde el 1 de enero al 8 de<\/p>\n","protected":false},"author":1,"featured_media":520,"comment_status":"open","ping_status":"open","sticky":false,"template":"","format":"standard","meta":{"colormag_page_container_layout":"default_layout","colormag_page_sidebar_layout":"default_layout","footnotes":""},"categories":[1],"tags":[],"class_list":["post-518","post","type-post","status-publish","format-standard","has-post-thumbnail","hentry","category-nacional"],"_links":{"self":[{"href":"https:\/\/elmetidosv.com\/index.php?rest_route=\/wp\/v2\/posts\/518","targetHints":{"allow":["GET"]}}],"collection":[{"href":"https:\/\/elmetidosv.com\/index.php?rest_route=\/wp\/v2\/posts"}],"about":[{"href":"https:\/\/elmetidosv.com\/index.php?rest_route=\/wp\/v2\/types\/post"}],"author":[{"embeddable":true,"href":"https:\/\/elmetidosv.com\/index.php?rest_route=\/wp\/v2\/users\/1"}],"replies":[{"embeddable":true,"href":"https:\/\/elmetidosv.com\/index.php?rest_route=%2Fwp%2Fv2%2Fcomments&post=518"}],"version-history":[{"count":1,"href":"https:\/\/elmetidosv.com\/index.php?rest_route=\/wp\/v2\/posts\/518\/revisions"}],"predecessor-version":[{"id":521,"href":"https:\/\/elmetidosv.com\/index.php?rest_route=\/wp\/v2\/posts\/518\/revisions\/521"}],"wp:featuredmedia":[{"embeddable":true,"href":"https:\/\/elmetidosv.com\/index.php?rest_route=\/wp\/v2\/media\/520"}],"wp:attachment":[{"href":"https:\/\/elmetidosv.com\/index.php?rest_route=%2Fwp%2Fv2%2Fmedia&parent=518"}],"wp:term":[{"taxonomy":"category","embeddable":true,"href":"https:\/\/elmetidosv.com\/index.php?rest_route=%2Fwp%2Fv2%2Fcategories&post=518"},{"taxonomy":"post_tag","embeddable":true,"href":"https:\/\/elmetidosv.com\/index.php?rest_route=%2Fwp%2Fv2%2Ftags&post=518"}],"curies":[{"name":"wp","href":"https:\/\/api.w.org\/{rel}","templated":true}]}}