{"id":4913,"date":"2020-06-20T13:31:16","date_gmt":"2020-06-20T19:31:16","guid":{"rendered":"http:\/\/elmetidosve.com\/?p=4913"},"modified":"2020-06-20T13:31:25","modified_gmt":"2020-06-20T19:31:25","slug":"vehiculos-chocan-de-frente-en-guazapa","status":"publish","type":"post","link":"https:\/\/elmetidosv.com\/?p=4913","title":{"rendered":"Veh\u00edculos chocan de frente en Guazapa"},"content":{"rendered":"\n<figure class=\"wp-block-gallery columns-2 is-cropped wp-block-gallery-1 is-layout-flex wp-block-gallery-is-layout-flex\"><ul class=\"blocks-gallery-grid\"><li class=\"blocks-gallery-item\"><figure><img loading=\"lazy\" decoding=\"async\" width=\"960\" height=\"454\" src=\"http:\/\/elmetidosve.com\/wp-content\/uploads\/2020\/06\/0000000000000000000000000000000000-160.jpg\" alt=\"\" data-id=\"4914\" data-full-url=\"http:\/\/elmetidosve.com\/wp-content\/uploads\/2020\/06\/0000000000000000000000000000000000-160.jpg\" data-link=\"http:\/\/elmetidosve.com\/?attachment_id=4914\" class=\"wp-image-4914\" srcset=\"https:\/\/elmetidosv.com\/wp-content\/uploads\/2020\/06\/0000000000000000000000000000000000-160.jpg 960w, https:\/\/elmetidosv.com\/wp-content\/uploads\/2020\/06\/0000000000000000000000000000000000-160-300x142.jpg 300w, https:\/\/elmetidosv.com\/wp-content\/uploads\/2020\/06\/0000000000000000000000000000000000-160-768x363.jpg 768w\" sizes=\"auto, (max-width: 960px) 100vw, 960px\" \/><\/figure><\/li><li class=\"blocks-gallery-item\"><figure><img loading=\"lazy\" decoding=\"async\" width=\"960\" height=\"454\" src=\"http:\/\/elmetidosve.com\/wp-content\/uploads\/2020\/06\/000000000000000000-149.jpg\" alt=\"\" data-id=\"4915\" data-full-url=\"http:\/\/elmetidosve.com\/wp-content\/uploads\/2020\/06\/000000000000000000-149.jpg\" data-link=\"http:\/\/elmetidosve.com\/?attachment_id=4915\" class=\"wp-image-4915\" srcset=\"https:\/\/elmetidosv.com\/wp-content\/uploads\/2020\/06\/000000000000000000-149.jpg 960w, https:\/\/elmetidosv.com\/wp-content\/uploads\/2020\/06\/000000000000000000-149-300x142.jpg 300w, https:\/\/elmetidosv.com\/wp-content\/uploads\/2020\/06\/000000000000000000-149-768x363.jpg 768w\" sizes=\"auto, (max-width: 960px) 100vw, 960px\" \/><\/figure><\/li><\/ul><\/figure>\n\n\n\n<p>Un accidente se registr\u00f3 la ma\u00f1ana de este s\u00e1bado, sobre el kil\u00f3metro 22 de la carretera Troncal del Norte, jurisdicci\u00f3n de Guazapa, al norte de San Salvador.<\/p>\n\n\n\n<p>En el percance se vieron involucrados dos veh\u00edculos que chocaron de frente cuando circulaban por el sector, resultando tres personas lesionadas, dos de ellas, de gravedad.<\/p>\n\n\n\n<p>Elementos de Cruz Verde Salvadore\u00f1a acudieron al lugar para atender a los heridos;  de acuerdo al informe, los lesionados de gravedad fueron trasladados a un centro asistencial, mientras que uno m\u00e1s fue atendido en el lugar.<\/p>\n\n\n\n<p>Como era de esperarse tras el accidente se gener\u00f3 un fuerte congestionamiento vehicular, ya que los veh\u00edculos quedaron cruzados sobre ambos carriles de la carretera.<\/p>\n\n\n\n<p>Mientras tanto, agentes de la Polic\u00eda Nacional Civil (PNC) llegaron al sector para determinar las causas del accidente y deducir responsabilidades.<\/p>\n\n\n\n<p>Al cierre de esta nota, no se proporcion\u00f3 la identidad de los conductores involucrados ni la de los heridos.<\/p>\n","protected":false},"excerpt":{"rendered":"<p>Un accidente se registr\u00f3 la ma\u00f1ana de este s\u00e1bado, sobre el kil\u00f3metro 22 de la carretera Troncal del Norte, jurisdicci\u00f3n<\/p>\n","protected":false},"author":1,"featured_media":4914,"comment_status":"open","ping_status":"open","sticky":false,"template":"","format":"standard","meta":{"colormag_page_container_layout":"default_layout","colormag_page_sidebar_layout":"default_layout","footnotes":""},"categories":[1],"tags":[],"class_list":["post-4913","post","type-post","status-publish","format-standard","has-post-thumbnail","hentry","category-nacional"],"_links":{"self":[{"href":"https:\/\/elmetidosv.com\/index.php?rest_route=\/wp\/v2\/posts\/4913","targetHints":{"allow":["GET"]}}],"collection":[{"href":"https:\/\/elmetidosv.com\/index.php?rest_route=\/wp\/v2\/posts"}],"about":[{"href":"https:\/\/elmetidosv.com\/index.php?rest_route=\/wp\/v2\/types\/post"}],"author":[{"embeddable":true,"href":"https:\/\/elmetidosv.com\/index.php?rest_route=\/wp\/v2\/users\/1"}],"replies":[{"embeddable":true,"href":"https:\/\/elmetidosv.com\/index.php?rest_route=%2Fwp%2Fv2%2Fcomments&post=4913"}],"version-history":[{"count":1,"href":"https:\/\/elmetidosv.com\/index.php?rest_route=\/wp\/v2\/posts\/4913\/revisions"}],"predecessor-version":[{"id":4916,"href":"https:\/\/elmetidosv.com\/index.php?rest_route=\/wp\/v2\/posts\/4913\/revisions\/4916"}],"wp:featuredmedia":[{"embeddable":true,"href":"https:\/\/elmetidosv.com\/index.php?rest_route=\/wp\/v2\/media\/4914"}],"wp:attachment":[{"href":"https:\/\/elmetidosv.com\/index.php?rest_route=%2Fwp%2Fv2%2Fmedia&parent=4913"}],"wp:term":[{"taxonomy":"category","embeddable":true,"href":"https:\/\/elmetidosv.com\/index.php?rest_route=%2Fwp%2Fv2%2Fcategories&post=4913"},{"taxonomy":"post_tag","embeddable":true,"href":"https:\/\/elmetidosv.com\/index.php?rest_route=%2Fwp%2Fv2%2Ftags&post=4913"}],"curies":[{"name":"wp","href":"https:\/\/api.w.org\/{rel}","templated":true}]}}