{"id":4744,"date":"2020-06-17T18:53:56","date_gmt":"2020-06-18T00:53:56","guid":{"rendered":"http:\/\/elmetidosve.com\/?p=4744"},"modified":"2020-06-17T18:54:04","modified_gmt":"2020-06-18T00:54:04","slug":"gobierno-intensifica-controles-vehiculares-durante-la-reapertura-economica-en-el-pais","status":"publish","type":"post","link":"https:\/\/elmetidosv.com\/?p=4744","title":{"rendered":"Gobierno intensifica controles vehiculares durante la reapertura econ\u00f3mica en el pa\u00eds"},"content":{"rendered":"\n<figure class=\"wp-block-gallery columns-3 is-cropped wp-block-gallery-1 is-layout-flex wp-block-gallery-is-layout-flex\"><ul class=\"blocks-gallery-grid\"><li class=\"blocks-gallery-item\"><figure><img loading=\"lazy\" decoding=\"async\" width=\"360\" height=\"240\" src=\"http:\/\/elmetidosve.com\/wp-content\/uploads\/2020\/06\/0000000000000000000000000000000000-131.jpg\" alt=\"\" data-id=\"4745\" data-full-url=\"http:\/\/elmetidosve.com\/wp-content\/uploads\/2020\/06\/0000000000000000000000000000000000-131.jpg\" data-link=\"http:\/\/elmetidosve.com\/?attachment_id=4745\" class=\"wp-image-4745\" srcset=\"https:\/\/elmetidosv.com\/wp-content\/uploads\/2020\/06\/0000000000000000000000000000000000-131.jpg 360w, https:\/\/elmetidosv.com\/wp-content\/uploads\/2020\/06\/0000000000000000000000000000000000-131-300x200.jpg 300w\" sizes=\"auto, (max-width: 360px) 100vw, 360px\" \/><\/figure><\/li><li class=\"blocks-gallery-item\"><figure><img loading=\"lazy\" decoding=\"async\" width=\"360\" height=\"240\" src=\"http:\/\/elmetidosve.com\/wp-content\/uploads\/2020\/06\/000000000000000000-122.jpg\" alt=\"\" data-id=\"4746\" data-full-url=\"http:\/\/elmetidosve.com\/wp-content\/uploads\/2020\/06\/000000000000000000-122.jpg\" data-link=\"http:\/\/elmetidosve.com\/?attachment_id=4746\" class=\"wp-image-4746\" srcset=\"https:\/\/elmetidosv.com\/wp-content\/uploads\/2020\/06\/000000000000000000-122.jpg 360w, https:\/\/elmetidosv.com\/wp-content\/uploads\/2020\/06\/000000000000000000-122-300x200.jpg 300w\" sizes=\"auto, (max-width: 360px) 100vw, 360px\" \/><\/figure><\/li><li class=\"blocks-gallery-item\"><figure><img loading=\"lazy\" decoding=\"async\" width=\"360\" height=\"240\" src=\"http:\/\/elmetidosve.com\/wp-content\/uploads\/2020\/06\/000000000000000-90.jpg\" alt=\"\" data-id=\"4747\" data-full-url=\"http:\/\/elmetidosve.com\/wp-content\/uploads\/2020\/06\/000000000000000-90.jpg\" data-link=\"http:\/\/elmetidosve.com\/?attachment_id=4747\" class=\"wp-image-4747\" srcset=\"https:\/\/elmetidosv.com\/wp-content\/uploads\/2020\/06\/000000000000000-90.jpg 360w, https:\/\/elmetidosv.com\/wp-content\/uploads\/2020\/06\/000000000000000-90-300x200.jpg 300w\" sizes=\"auto, (max-width: 360px) 100vw, 360px\" \/><\/figure><\/li><\/ul><\/figure>\n\n\n\n<p>El ministro de Justicia y Seguridad, Rogelio Rivas, y el director de la Polic\u00eda Nacional Civil (PNC), Mauricio Arriaza Chicas, verificaron hoy los controles vehiculares para el cumplimiento de las disposiciones laborales y comerciales contempladas por el Gobierno en la Fase 1 del Plan de Reapertura Econ\u00f3mica.<\/p>\n\n\n\n<p>\u201cCon los controles vehiculares se garantiza que no exista transporte p\u00fablico pirata\u201d, declar\u00f3 el ministro Rivas en el punto de control vehicular establecido en la zona del monumento al Salvador del Mundo, al poniente de San Salvador. Tambi\u00e9n expuso que se fomenta en la ciudadan\u00eda la aplicaci\u00f3n de los protocolos sanitarios sobre el uso de mascarillas, alcohol gel y distanciamiento f\u00edsico.<\/p>\n\n\n\n<p>El funcionario advirti\u00f3 que los autobuses del transporte p\u00fablico que no cuenten con autorizaci\u00f3n para circular \u201cser\u00e1n decomisados\u201d y reiter\u00f3 a la poblaci\u00f3n tomar \u201cconciencia para cumplir con las medidas\u201d.<\/p>\n\n\n\n<p>\u201cEl llamado a la poblaci\u00f3n es que acatemos las medidas sanitarias que establece el Ministerio de Salud como usar mascarillas y alcohol gel, entre otros, para evitar el contagio del virus\u201d, fue la exhortaci\u00f3n del ministro Rivas.<\/p>\n\n\n\n<p>Por su parte, el director policial inspeccion\u00f3 el control de tr\u00e1nsito en el bulevar del Ej\u00e9rcito en las proximidades del Hospital del ISSS Amatepec, en Soyapango.<\/p>\n\n\n\n<p>Arriaza Chicas expres\u00f3 que los controles vehiculares apoyar\u00e1n a la poblaci\u00f3n para que cumpla con las medidas sanitarias ya establecidas. \u201cLa poblaci\u00f3n salvadore\u00f1a debe de recordar que estamos en la fase 3 de contagio de COVID-19 y que el riesgo de contraer esta enfermedad es considerablemente alto\u201d, dijo.<\/p>\n\n\n\n<p>\u201cHay mucho tr\u00e1fico liviano en el que se transporta la fuerza laboral y veh\u00edculos de carga pesada. No hay transporte p\u00fablico porque sus operaciones inician hasta la segunda fase de la reapertura econ\u00f3mica, el 7 de julio pr\u00f3ximo\u201d, record\u00f3 Arriaza.<\/p>\n\n\n\n<p>\u201cSi los salvadore\u00f1os no hacemos conciencia y no nos solidarizamos, nos podemos contaminar masivamente. La polic\u00eda va continuar fomentando las medidas sanitarias dadas por el Ministerio de Salud\u201d, asegur\u00f3.<\/p>\n","protected":false},"excerpt":{"rendered":"<p>El ministro de Justicia y Seguridad, Rogelio Rivas, y el director de la Polic\u00eda Nacional Civil (PNC), Mauricio Arriaza Chicas,<\/p>\n","protected":false},"author":1,"featured_media":4745,"comment_status":"open","ping_status":"open","sticky":false,"template":"","format":"standard","meta":{"colormag_page_container_layout":"default_layout","colormag_page_sidebar_layout":"default_layout","footnotes":""},"categories":[1],"tags":[],"class_list":["post-4744","post","type-post","status-publish","format-standard","has-post-thumbnail","hentry","category-nacional"],"_links":{"self":[{"href":"https:\/\/elmetidosv.com\/index.php?rest_route=\/wp\/v2\/posts\/4744","targetHints":{"allow":["GET"]}}],"collection":[{"href":"https:\/\/elmetidosv.com\/index.php?rest_route=\/wp\/v2\/posts"}],"about":[{"href":"https:\/\/elmetidosv.com\/index.php?rest_route=\/wp\/v2\/types\/post"}],"author":[{"embeddable":true,"href":"https:\/\/elmetidosv.com\/index.php?rest_route=\/wp\/v2\/users\/1"}],"replies":[{"embeddable":true,"href":"https:\/\/elmetidosv.com\/index.php?rest_route=%2Fwp%2Fv2%2Fcomments&post=4744"}],"version-history":[{"count":1,"href":"https:\/\/elmetidosv.com\/index.php?rest_route=\/wp\/v2\/posts\/4744\/revisions"}],"predecessor-version":[{"id":4748,"href":"https:\/\/elmetidosv.com\/index.php?rest_route=\/wp\/v2\/posts\/4744\/revisions\/4748"}],"wp:featuredmedia":[{"embeddable":true,"href":"https:\/\/elmetidosv.com\/index.php?rest_route=\/wp\/v2\/media\/4745"}],"wp:attachment":[{"href":"https:\/\/elmetidosv.com\/index.php?rest_route=%2Fwp%2Fv2%2Fmedia&parent=4744"}],"wp:term":[{"taxonomy":"category","embeddable":true,"href":"https:\/\/elmetidosv.com\/index.php?rest_route=%2Fwp%2Fv2%2Fcategories&post=4744"},{"taxonomy":"post_tag","embeddable":true,"href":"https:\/\/elmetidosv.com\/index.php?rest_route=%2Fwp%2Fv2%2Ftags&post=4744"}],"curies":[{"name":"wp","href":"https:\/\/api.w.org\/{rel}","templated":true}]}}