{"id":4732,"date":"2020-06-17T13:42:46","date_gmt":"2020-06-17T19:42:46","guid":{"rendered":"http:\/\/elmetidosve.com\/?p=4732"},"modified":"2020-06-17T13:42:52","modified_gmt":"2020-06-17T19:42:52","slug":"gobierno-recibe-otro-importante-cargamento-de-insumos-para-los-paquetes-alimentarios-de-familias-salvadorenas","status":"publish","type":"post","link":"https:\/\/elmetidosv.com\/?p=4732","title":{"rendered":"Gobierno recibe otro importante cargamento de insumos para los paquetes alimentarios de familias salvadore\u00f1as"},"content":{"rendered":"\n<figure class=\"wp-block-gallery columns-2 is-cropped wp-block-gallery-1 is-layout-flex wp-block-gallery-is-layout-flex\"><ul class=\"blocks-gallery-grid\"><li class=\"blocks-gallery-item\"><figure><img loading=\"lazy\" decoding=\"async\" width=\"360\" height=\"203\" src=\"http:\/\/elmetidosve.com\/wp-content\/uploads\/2020\/06\/0000000000000000000000000000000000-130.jpg\" alt=\"\" data-id=\"4733\" data-full-url=\"http:\/\/elmetidosve.com\/wp-content\/uploads\/2020\/06\/0000000000000000000000000000000000-130.jpg\" data-link=\"http:\/\/elmetidosve.com\/?attachment_id=4733\" class=\"wp-image-4733\" srcset=\"https:\/\/elmetidosv.com\/wp-content\/uploads\/2020\/06\/0000000000000000000000000000000000-130.jpg 360w, https:\/\/elmetidosv.com\/wp-content\/uploads\/2020\/06\/0000000000000000000000000000000000-130-300x169.jpg 300w\" sizes=\"auto, (max-width: 360px) 100vw, 360px\" \/><\/figure><\/li><li class=\"blocks-gallery-item\"><figure><img loading=\"lazy\" decoding=\"async\" width=\"360\" height=\"203\" src=\"http:\/\/elmetidosve.com\/wp-content\/uploads\/2020\/06\/000000000000000000-121.jpg\" alt=\"\" data-id=\"4734\" data-full-url=\"http:\/\/elmetidosve.com\/wp-content\/uploads\/2020\/06\/000000000000000000-121.jpg\" data-link=\"http:\/\/elmetidosve.com\/?attachment_id=4734\" class=\"wp-image-4734\" srcset=\"https:\/\/elmetidosv.com\/wp-content\/uploads\/2020\/06\/000000000000000000-121.jpg 360w, https:\/\/elmetidosv.com\/wp-content\/uploads\/2020\/06\/000000000000000000-121-300x169.jpg 300w\" sizes=\"auto, (max-width: 360px) 100vw, 360px\" \/><\/figure><\/li><\/ul><\/figure>\n\n\n\n<p>El buque Sealand Los \u00c1ngeles atrac\u00f3, esta madrugada, en el Puerto de Acajutla, Sonsonate, con m\u00e1s insumos para los paquetes alimentarios que distribuye el Gobierno del Presidente Nayib Bukele ante la emergencia por coronavirus.<\/p>\n\n\n\n<p>El Gobierno, a trav\u00e9s de las diferentes instituciones no han descansado para entregar los paquetes en cada puerta de los hogares de las familias m\u00e1s necesitadas en todo el territorio nacional.<\/p>\n\n\n\n<p>\u201cEl buque Sealand Los \u00c1ngeles trajo al pa\u00eds 59 contenedores con insumos para los #PaquetesAlimentarios que el Gobierno est\u00e1 distribuyendo para beneficiar a 3.4 millones de familias afectadas por la emergencia , expres\u00f3 la Secretar\u00eda de Prensa de la Presidencia.<\/p>\n\n\n\n<p>Hasta el 29 de mayo, el Gobierno inform\u00f3 que desde que inici\u00f3 la emergencia se ha recibido 56, mil toneladas de alimentos.<\/p>\n","protected":false},"excerpt":{"rendered":"<p>El buque Sealand Los \u00c1ngeles atrac\u00f3, esta madrugada, en el Puerto de Acajutla, Sonsonate, con m\u00e1s insumos para los paquetes<\/p>\n","protected":false},"author":1,"featured_media":4733,"comment_status":"open","ping_status":"open","sticky":false,"template":"","format":"standard","meta":{"colormag_page_container_layout":"default_layout","colormag_page_sidebar_layout":"default_layout","footnotes":""},"categories":[1],"tags":[],"class_list":["post-4732","post","type-post","status-publish","format-standard","has-post-thumbnail","hentry","category-nacional"],"_links":{"self":[{"href":"https:\/\/elmetidosv.com\/index.php?rest_route=\/wp\/v2\/posts\/4732","targetHints":{"allow":["GET"]}}],"collection":[{"href":"https:\/\/elmetidosv.com\/index.php?rest_route=\/wp\/v2\/posts"}],"about":[{"href":"https:\/\/elmetidosv.com\/index.php?rest_route=\/wp\/v2\/types\/post"}],"author":[{"embeddable":true,"href":"https:\/\/elmetidosv.com\/index.php?rest_route=\/wp\/v2\/users\/1"}],"replies":[{"embeddable":true,"href":"https:\/\/elmetidosv.com\/index.php?rest_route=%2Fwp%2Fv2%2Fcomments&post=4732"}],"version-history":[{"count":1,"href":"https:\/\/elmetidosv.com\/index.php?rest_route=\/wp\/v2\/posts\/4732\/revisions"}],"predecessor-version":[{"id":4735,"href":"https:\/\/elmetidosv.com\/index.php?rest_route=\/wp\/v2\/posts\/4732\/revisions\/4735"}],"wp:featuredmedia":[{"embeddable":true,"href":"https:\/\/elmetidosv.com\/index.php?rest_route=\/wp\/v2\/media\/4733"}],"wp:attachment":[{"href":"https:\/\/elmetidosv.com\/index.php?rest_route=%2Fwp%2Fv2%2Fmedia&parent=4732"}],"wp:term":[{"taxonomy":"category","embeddable":true,"href":"https:\/\/elmetidosv.com\/index.php?rest_route=%2Fwp%2Fv2%2Fcategories&post=4732"},{"taxonomy":"post_tag","embeddable":true,"href":"https:\/\/elmetidosv.com\/index.php?rest_route=%2Fwp%2Fv2%2Ftags&post=4732"}],"curies":[{"name":"wp","href":"https:\/\/api.w.org\/{rel}","templated":true}]}}