{"id":4715,"date":"2020-06-17T13:30:11","date_gmt":"2020-06-17T19:30:11","guid":{"rendered":"http:\/\/elmetidosve.com\/?p=4715"},"modified":"2020-06-17T13:30:18","modified_gmt":"2020-06-17T19:30:18","slug":"esta-manana-un-conductor-ebrio-cae-en-carcava-donde-se-construye-un-centro-comercial-en-apopa","status":"publish","type":"post","link":"https:\/\/elmetidosv.com\/?p=4715","title":{"rendered":"Esta ma\u00f1ana un conductor ebrio cae en c\u00e1rcava donde se construye un centro comercial en Apopa"},"content":{"rendered":"\n<p>Un conductor en estado de ebriedad result\u00f3 lesionado, la ma\u00f1ana de este mi\u00e9rcoles, luego de verse involucrado en un percance vial sobre la carretera Troncal del Norte, en la entrada al municipio de Apopa.<\/p>\n\n\n\n<p>De acuerdo con el reporte, el hombre result\u00f3 con heridas al caer dentro de un agujero creada por la construcci\u00f3n de un centro comercial en el sector.<\/p>\n\n\n\n<p>El hombre, al encontrarse bajo los efectos de las bebidas embriagantes, no se percat\u00f3 que en la zona hay se\u00f1ales de desviaci\u00f3n y cay\u00f3 en la zanja.<\/p>\n\n\n\n<p>Hasta el momento, las autoridades de la Polic\u00eda Nacional Civil (PNC) se encuentran investigando los hechos para deducir las responsabilidades sobre el percance vial.<\/p>\n\n\n\n<p>En 2019, en El Salvador se registraron m\u00e1s de 1,300 fallecidos en accidentes viales, en los cuales la mayor\u00eda estuvo relacionado a la conducci\u00f3n en estado de ebriedad.<br><\/p>\n","protected":false},"excerpt":{"rendered":"<p>Un conductor en estado de ebriedad result\u00f3 lesionado, la ma\u00f1ana de este mi\u00e9rcoles, luego de verse involucrado en un percance<\/p>\n","protected":false},"author":1,"featured_media":4716,"comment_status":"open","ping_status":"open","sticky":false,"template":"","format":"standard","meta":{"colormag_page_container_layout":"default_layout","colormag_page_sidebar_layout":"default_layout","footnotes":""},"categories":[1],"tags":[],"class_list":["post-4715","post","type-post","status-publish","format-standard","has-post-thumbnail","hentry","category-nacional"],"_links":{"self":[{"href":"https:\/\/elmetidosv.com\/index.php?rest_route=\/wp\/v2\/posts\/4715","targetHints":{"allow":["GET"]}}],"collection":[{"href":"https:\/\/elmetidosv.com\/index.php?rest_route=\/wp\/v2\/posts"}],"about":[{"href":"https:\/\/elmetidosv.com\/index.php?rest_route=\/wp\/v2\/types\/post"}],"author":[{"embeddable":true,"href":"https:\/\/elmetidosv.com\/index.php?rest_route=\/wp\/v2\/users\/1"}],"replies":[{"embeddable":true,"href":"https:\/\/elmetidosv.com\/index.php?rest_route=%2Fwp%2Fv2%2Fcomments&post=4715"}],"version-history":[{"count":1,"href":"https:\/\/elmetidosv.com\/index.php?rest_route=\/wp\/v2\/posts\/4715\/revisions"}],"predecessor-version":[{"id":4717,"href":"https:\/\/elmetidosv.com\/index.php?rest_route=\/wp\/v2\/posts\/4715\/revisions\/4717"}],"wp:featuredmedia":[{"embeddable":true,"href":"https:\/\/elmetidosv.com\/index.php?rest_route=\/wp\/v2\/media\/4716"}],"wp:attachment":[{"href":"https:\/\/elmetidosv.com\/index.php?rest_route=%2Fwp%2Fv2%2Fmedia&parent=4715"}],"wp:term":[{"taxonomy":"category","embeddable":true,"href":"https:\/\/elmetidosv.com\/index.php?rest_route=%2Fwp%2Fv2%2Fcategories&post=4715"},{"taxonomy":"post_tag","embeddable":true,"href":"https:\/\/elmetidosv.com\/index.php?rest_route=%2Fwp%2Fv2%2Ftags&post=4715"}],"curies":[{"name":"wp","href":"https:\/\/api.w.org\/{rel}","templated":true}]}}