{"id":4680,"date":"2020-06-16T13:43:15","date_gmt":"2020-06-16T19:43:15","guid":{"rendered":"http:\/\/elmetidosve.com\/?p=4680"},"modified":"2020-06-16T13:43:21","modified_gmt":"2020-06-16T19:43:21","slug":"el-director-general-de-centros-penales-informo-que-reos-en-fase-de-confianza-construiran-viviendas-en-proyecto-habitacional-el-espino","status":"publish","type":"post","link":"https:\/\/elmetidosv.com\/?p=4680","title":{"rendered":"El Director General de Centros Penales informo que reos en fase de confianza construir\u00e1n viviendas en proyecto habitacional el Espino"},"content":{"rendered":"\n<figure class=\"wp-block-gallery columns-2 is-cropped wp-block-gallery-1 is-layout-flex wp-block-gallery-is-layout-flex\"><ul class=\"blocks-gallery-grid\"><li class=\"blocks-gallery-item\"><figure><img loading=\"lazy\" decoding=\"async\" width=\"680\" height=\"453\" src=\"http:\/\/elmetidosve.com\/wp-content\/uploads\/2020\/06\/000000000000000000-114.jpg\" alt=\"\" data-id=\"4681\" data-full-url=\"http:\/\/elmetidosve.com\/wp-content\/uploads\/2020\/06\/000000000000000000-114.jpg\" data-link=\"http:\/\/elmetidosve.com\/?attachment_id=4681\" class=\"wp-image-4681\" srcset=\"https:\/\/elmetidosv.com\/wp-content\/uploads\/2020\/06\/000000000000000000-114.jpg 680w, https:\/\/elmetidosv.com\/wp-content\/uploads\/2020\/06\/000000000000000000-114-300x200.jpg 300w\" sizes=\"auto, (max-width: 680px) 100vw, 680px\" \/><\/figure><\/li><li class=\"blocks-gallery-item\"><figure><img loading=\"lazy\" decoding=\"async\" width=\"1024\" height=\"682\" src=\"http:\/\/elmetidosve.com\/wp-content\/uploads\/2020\/06\/000000000000000-82-1024x682.jpg\" alt=\"\" data-id=\"4682\" data-full-url=\"http:\/\/elmetidosve.com\/wp-content\/uploads\/2020\/06\/000000000000000-82.jpg\" data-link=\"http:\/\/elmetidosve.com\/?attachment_id=4682\" class=\"wp-image-4682\" srcset=\"https:\/\/elmetidosv.com\/wp-content\/uploads\/2020\/06\/000000000000000-82-1024x682.jpg 1024w, https:\/\/elmetidosv.com\/wp-content\/uploads\/2020\/06\/000000000000000-82-300x200.jpg 300w, https:\/\/elmetidosv.com\/wp-content\/uploads\/2020\/06\/000000000000000-82-768x512.jpg 768w, https:\/\/elmetidosv.com\/wp-content\/uploads\/2020\/06\/000000000000000-82.jpg 1280w\" sizes=\"auto, (max-width: 1024px) 100vw, 1024px\" \/><\/figure><\/li><\/ul><\/figure>\n\n\n\n<p>El Director General de Centros Penales, Osiris Luna, informo que 30 privados de libertad en fase de confianza, estar\u00e1n trabajando en la construcci\u00f3n de las viviendas en el proyecto habitacional el Espino, en Antiguo Cuscatl\u00e1n, La Libertad.<\/p>\n\n\n\n<p>De acuerdo al funcionario, los internos provienen del Centro de Detenci\u00f3n Menor La Esperanza y est\u00e1n capacitados para realizar trabajos de alba\u00f1iler\u00eda, carpinter\u00eda, electricidad y fontaner\u00eda.<\/p>\n\n\n\n<p>\u201cVamos a estar colaborando siempre en este tipo de proyectos\u201d, asegur\u00f3 Luna durante la reanudaci\u00f3n de las labores del proyecto con el que se pretende construir 64 viviendas para familias de escasos recursos.<\/p>\n\n\n\n<p>Al evento de reapertura de los trabajos, tambi\u00e9n asistieron la ministra de Vivienda, Michelle Sol y el ministro de Salud, Francisco Alabi, quienes destacaron el sufrimiento que por muchos a\u00f1os vivieron estas familias, al tiempo que aseguraron que \u201ceste proyecto es para ellos\u201d.<\/p>\n\n\n\n<p>Por su parte, la titular de vivienda asegur\u00f3  que la construcci\u00f3n de las 64 viviendas tendr\u00e1 una inversi\u00f3n de $2.1 millones. Las obras iniciaron a finales de 2019, pero fueron detenidas ante la emergencia provocada por la pandemia de COVID-19.<\/p>\n\n\n\n<p>De momento se han elaborado estudios de suelo, obras de terracer\u00eda, dise\u00f1o estructural, dise\u00f1o el\u00e9ctrico e hidr\u00e1ulico, instalaci\u00f3n de tuber\u00edas de agua potable, aguas lluvias y aguas negras, entre otras obras.<\/p>\n\n\n\n<p>\u201cLas 64 viviendas se est\u00e1n haciendo en conjunto con toda la comunidad de El Espino, tambi\u00e9n con cooperaci\u00f3n de Estados Unidos de tres organizaciones: New Story, The Fuller Center For Housing y Gente Ayudando Gente\u201d, explic\u00f3 la ministra Michelle Sol.<\/p>\n","protected":false},"excerpt":{"rendered":"<p>El Director General de Centros Penales, Osiris Luna, informo que 30 privados de libertad en fase de confianza, estar\u00e1n trabajando<\/p>\n","protected":false},"author":1,"featured_media":4681,"comment_status":"open","ping_status":"open","sticky":false,"template":"","format":"standard","meta":{"colormag_page_container_layout":"default_layout","colormag_page_sidebar_layout":"default_layout","footnotes":""},"categories":[1],"tags":[],"class_list":["post-4680","post","type-post","status-publish","format-standard","has-post-thumbnail","hentry","category-nacional"],"_links":{"self":[{"href":"https:\/\/elmetidosv.com\/index.php?rest_route=\/wp\/v2\/posts\/4680","targetHints":{"allow":["GET"]}}],"collection":[{"href":"https:\/\/elmetidosv.com\/index.php?rest_route=\/wp\/v2\/posts"}],"about":[{"href":"https:\/\/elmetidosv.com\/index.php?rest_route=\/wp\/v2\/types\/post"}],"author":[{"embeddable":true,"href":"https:\/\/elmetidosv.com\/index.php?rest_route=\/wp\/v2\/users\/1"}],"replies":[{"embeddable":true,"href":"https:\/\/elmetidosv.com\/index.php?rest_route=%2Fwp%2Fv2%2Fcomments&post=4680"}],"version-history":[{"count":1,"href":"https:\/\/elmetidosv.com\/index.php?rest_route=\/wp\/v2\/posts\/4680\/revisions"}],"predecessor-version":[{"id":4683,"href":"https:\/\/elmetidosv.com\/index.php?rest_route=\/wp\/v2\/posts\/4680\/revisions\/4683"}],"wp:featuredmedia":[{"embeddable":true,"href":"https:\/\/elmetidosv.com\/index.php?rest_route=\/wp\/v2\/media\/4681"}],"wp:attachment":[{"href":"https:\/\/elmetidosv.com\/index.php?rest_route=%2Fwp%2Fv2%2Fmedia&parent=4680"}],"wp:term":[{"taxonomy":"category","embeddable":true,"href":"https:\/\/elmetidosv.com\/index.php?rest_route=%2Fwp%2Fv2%2Fcategories&post=4680"},{"taxonomy":"post_tag","embeddable":true,"href":"https:\/\/elmetidosv.com\/index.php?rest_route=%2Fwp%2Fv2%2Ftags&post=4680"}],"curies":[{"name":"wp","href":"https:\/\/api.w.org\/{rel}","templated":true}]}}