{"id":455,"date":"2020-03-06T13:19:59","date_gmt":"2020-03-06T19:19:59","guid":{"rendered":"http:\/\/elmetidosve.com\/?p=455"},"modified":"2020-03-06T13:33:18","modified_gmt":"2020-03-06T19:33:18","slug":"francia-cancela-el-festival-de-musica-tomorrowland-winter-2020","status":"publish","type":"post","link":"https:\/\/elmetidosv.com\/?p=455","title":{"rendered":"Francia cancela el festival de m\u00fasica Tomorrowland Winter 2020"},"content":{"rendered":"\n<figure class=\"wp-block-image\"><img decoding=\"async\" src=\"https:\/\/pbs.twimg.com\/media\/ESVNl8gWAAAHce8?format=jpg&amp;name=small\" alt=\"Ver imagen en Twitter\"\/><\/figure>\n\n\n\n<p>La cancelaci\u00f3n de eventos internacionales est\u00e1 siendo una de las principales medidas de contenci\u00f3n de todos los gobiernos<\/p>\n\n\n\n<p>El gobierno franc\u00e9s de Emmanuel Macron ha decidido suspender la celebraci\u00f3n del festival de m\u00fasica electr\u00f3nica Tomorrowland Winter 2020, que iba a tener lugar de 14 a 21 de marzo en la estaci\u00f3n de esqu\u00ed de Alpe d\u2019Huez, cerca de Grenoble y cerca de la frontera italiana. La decisi\u00f3n se ha tomado por el aumento de los casos de personas contagiadas con el coronavirus Covid-19<\/p>\n\n\n\n<p>As\u00ed lo han confirmado esta ma\u00f1ana los organizadores del festival a trav\u00e9s de Twitter. \u201cA principios de febrero comenz\u00f3 la construcci\u00f3n de Tomorrowland Winter 2020 en Alpe d\u2019Huez. Hoy, con gran pesar, tenemos que informarles que el Gobierno franc\u00e9s ha decidido cancelar la edici\u00f3n de este a\u00f1o\u201d, ha afirmado en su post.<\/p>\n\n\n\n<p>La cancelaci\u00f3n de eventos internacionales est\u00e1 siendo una de las principales medidas de contenci\u00f3n de todos los gobiernos. Entre los cancelados se encuentra la Feria Internacional de Turismo de Berl\u00edn, la del autom\u00f3vil de Ginebra o las literarias de Bolonia y Par\u00eds. Otras, como la de Londres, est\u00e1n en riesgo.<\/p>\n\n\n\n<p>Cientos de ferias y otros eventos internacionales cuya celebraci\u00f3n est\u00e1 prevista para los pr\u00f3ximos meses est\u00e1n pendientes de la evoluci\u00f3n de la epidemia de coronavirus, cuyo riesgo de expansi\u00f3n provoc\u00f3 en su momento la cancelaci\u00f3n del Mobile de Barcelona.<\/p>\n\n\n\n<p>Mientras que el Mobile o la feria de arte contempor\u00e1neo Art Basel en Hong Kong se cancelaron, algunas se han aplazado y otras mantienen sus convocatorias, como la ISE, la mayor del mundo del sector audiovisual en Europa, que se celebr\u00f3 con normalidad en \u00c1msterdam.<\/p>\n","protected":false},"excerpt":{"rendered":"<p>La cancelaci\u00f3n de eventos internacionales est\u00e1 siendo una de las principales medidas de contenci\u00f3n de todos los gobiernos El gobierno<\/p>\n","protected":false},"author":1,"featured_media":464,"comment_status":"open","ping_status":"open","sticky":false,"template":"","format":"standard","meta":{"colormag_page_container_layout":"default_layout","colormag_page_sidebar_layout":"default_layout","footnotes":""},"categories":[3],"tags":[],"class_list":["post-455","post","type-post","status-publish","format-standard","has-post-thumbnail","hentry","category-internacional"],"_links":{"self":[{"href":"https:\/\/elmetidosv.com\/index.php?rest_route=\/wp\/v2\/posts\/455","targetHints":{"allow":["GET"]}}],"collection":[{"href":"https:\/\/elmetidosv.com\/index.php?rest_route=\/wp\/v2\/posts"}],"about":[{"href":"https:\/\/elmetidosv.com\/index.php?rest_route=\/wp\/v2\/types\/post"}],"author":[{"embeddable":true,"href":"https:\/\/elmetidosv.com\/index.php?rest_route=\/wp\/v2\/users\/1"}],"replies":[{"embeddable":true,"href":"https:\/\/elmetidosv.com\/index.php?rest_route=%2Fwp%2Fv2%2Fcomments&post=455"}],"version-history":[{"count":1,"href":"https:\/\/elmetidosv.com\/index.php?rest_route=\/wp\/v2\/posts\/455\/revisions"}],"predecessor-version":[{"id":457,"href":"https:\/\/elmetidosv.com\/index.php?rest_route=\/wp\/v2\/posts\/455\/revisions\/457"}],"wp:featuredmedia":[{"embeddable":true,"href":"https:\/\/elmetidosv.com\/index.php?rest_route=\/wp\/v2\/media\/464"}],"wp:attachment":[{"href":"https:\/\/elmetidosv.com\/index.php?rest_route=%2Fwp%2Fv2%2Fmedia&parent=455"}],"wp:term":[{"taxonomy":"category","embeddable":true,"href":"https:\/\/elmetidosv.com\/index.php?rest_route=%2Fwp%2Fv2%2Fcategories&post=455"},{"taxonomy":"post_tag","embeddable":true,"href":"https:\/\/elmetidosv.com\/index.php?rest_route=%2Fwp%2Fv2%2Ftags&post=455"}],"curies":[{"name":"wp","href":"https:\/\/api.w.org\/{rel}","templated":true}]}}