{"id":4543,"date":"2020-06-13T18:29:22","date_gmt":"2020-06-14T00:29:22","guid":{"rendered":"http:\/\/elmetidosve.com\/?p=4543"},"modified":"2020-06-13T18:29:29","modified_gmt":"2020-06-14T00:29:29","slug":"tres-ancianos-del-asilo-sara-zaldivar-y-cuatro-paciente-mas-vencen-al-covid-19-y-reciben-el-alta","status":"publish","type":"post","link":"https:\/\/elmetidosv.com\/?p=4543","title":{"rendered":"Tres ancianos del asilo Sara Zald\u00edvar y cuatro paciente m\u00e1s vencen al Covid-19 y reciben el alta"},"content":{"rendered":"\n<figure class=\"wp-block-gallery columns-3 is-cropped wp-block-gallery-1 is-layout-flex wp-block-gallery-is-layout-flex\"><ul class=\"blocks-gallery-grid\"><li class=\"blocks-gallery-item\"><figure><img loading=\"lazy\" decoding=\"async\" width=\"360\" height=\"240\" src=\"http:\/\/elmetidosve.com\/wp-content\/uploads\/2020\/06\/0000000000000000000000000000000000-108.jpg\" alt=\"\" data-id=\"4544\" data-full-url=\"http:\/\/elmetidosve.com\/wp-content\/uploads\/2020\/06\/0000000000000000000000000000000000-108.jpg\" data-link=\"http:\/\/elmetidosve.com\/?attachment_id=4544\" class=\"wp-image-4544\" srcset=\"https:\/\/elmetidosv.com\/wp-content\/uploads\/2020\/06\/0000000000000000000000000000000000-108.jpg 360w, https:\/\/elmetidosv.com\/wp-content\/uploads\/2020\/06\/0000000000000000000000000000000000-108-300x200.jpg 300w\" sizes=\"auto, (max-width: 360px) 100vw, 360px\" \/><\/figure><\/li><li class=\"blocks-gallery-item\"><figure><img loading=\"lazy\" decoding=\"async\" width=\"360\" height=\"240\" src=\"http:\/\/elmetidosve.com\/wp-content\/uploads\/2020\/06\/000000000000000000-95.jpg\" alt=\"\" data-id=\"4545\" data-full-url=\"http:\/\/elmetidosve.com\/wp-content\/uploads\/2020\/06\/000000000000000000-95.jpg\" data-link=\"http:\/\/elmetidosve.com\/?attachment_id=4545\" class=\"wp-image-4545\" srcset=\"https:\/\/elmetidosv.com\/wp-content\/uploads\/2020\/06\/000000000000000000-95.jpg 360w, https:\/\/elmetidosv.com\/wp-content\/uploads\/2020\/06\/000000000000000000-95-300x200.jpg 300w\" sizes=\"auto, (max-width: 360px) 100vw, 360px\" \/><\/figure><\/li><li class=\"blocks-gallery-item\"><figure><img loading=\"lazy\" decoding=\"async\" width=\"360\" height=\"240\" src=\"http:\/\/elmetidosve.com\/wp-content\/uploads\/2020\/06\/000000000000000-67.jpg\" alt=\"\" data-id=\"4546\" data-full-url=\"http:\/\/elmetidosve.com\/wp-content\/uploads\/2020\/06\/000000000000000-67.jpg\" data-link=\"http:\/\/elmetidosve.com\/?attachment_id=4546\" class=\"wp-image-4546\" srcset=\"https:\/\/elmetidosv.com\/wp-content\/uploads\/2020\/06\/000000000000000-67.jpg 360w, https:\/\/elmetidosv.com\/wp-content\/uploads\/2020\/06\/000000000000000-67-300x200.jpg 300w\" sizes=\"auto, (max-width: 360px) 100vw, 360px\" \/><\/figure><\/li><\/ul><\/figure>\n\n\n\n<p>El personal de salud del Hospital Nacional Rosales celebr\u00f3 siete nuevas altas este s\u00e1bado, entre los pacientes que salen de dicho centro m\u00e9dico se encuentran tres adultos mayores del asilo Sara Zald\u00edvar.<\/p>\n\n\n\n<p>Se trata de seis hombres entre 26 a 90 a\u00f1os y una mujer diab\u00e9tica e hipertensa de 65 a\u00f1os de edad, a quienes se les brind\u00f3 la atenci\u00f3n m\u00e9dica necesaria para vencer el Covid-19, detalla un reporte del Ministerio de Salud.<\/p>\n\n\n\n<p>\u201cAgradecemos a los m\u00e9dicos y enfermeras por continuar luchando contra la pandemia y salvaguardando la vida de los salvadore\u00f1os\u201d detall\u00f3 la entidad.<\/p>\n\n\n\n<p>Tanto los pacientes como el personal m\u00e9dico se mostr\u00f3 agradecido y complacido por estos nuevos pacientes recuperados.<\/p>\n\n\n\n<p>Esto es parte del enorme trabajo realizado por los \u201ch\u00e9roes\u201d que trabajan en la primera l\u00ednea de batalla contra el coronavirus en El Salvador.<br><\/p>\n","protected":false},"excerpt":{"rendered":"<p>El personal de salud del Hospital Nacional Rosales celebr\u00f3 siete nuevas altas este s\u00e1bado, entre los pacientes que salen de<\/p>\n","protected":false},"author":1,"featured_media":4544,"comment_status":"open","ping_status":"open","sticky":false,"template":"","format":"standard","meta":{"colormag_page_container_layout":"default_layout","colormag_page_sidebar_layout":"default_layout","footnotes":""},"categories":[1],"tags":[],"class_list":["post-4543","post","type-post","status-publish","format-standard","has-post-thumbnail","hentry","category-nacional"],"_links":{"self":[{"href":"https:\/\/elmetidosv.com\/index.php?rest_route=\/wp\/v2\/posts\/4543","targetHints":{"allow":["GET"]}}],"collection":[{"href":"https:\/\/elmetidosv.com\/index.php?rest_route=\/wp\/v2\/posts"}],"about":[{"href":"https:\/\/elmetidosv.com\/index.php?rest_route=\/wp\/v2\/types\/post"}],"author":[{"embeddable":true,"href":"https:\/\/elmetidosv.com\/index.php?rest_route=\/wp\/v2\/users\/1"}],"replies":[{"embeddable":true,"href":"https:\/\/elmetidosv.com\/index.php?rest_route=%2Fwp%2Fv2%2Fcomments&post=4543"}],"version-history":[{"count":1,"href":"https:\/\/elmetidosv.com\/index.php?rest_route=\/wp\/v2\/posts\/4543\/revisions"}],"predecessor-version":[{"id":4547,"href":"https:\/\/elmetidosv.com\/index.php?rest_route=\/wp\/v2\/posts\/4543\/revisions\/4547"}],"wp:featuredmedia":[{"embeddable":true,"href":"https:\/\/elmetidosv.com\/index.php?rest_route=\/wp\/v2\/media\/4544"}],"wp:attachment":[{"href":"https:\/\/elmetidosv.com\/index.php?rest_route=%2Fwp%2Fv2%2Fmedia&parent=4543"}],"wp:term":[{"taxonomy":"category","embeddable":true,"href":"https:\/\/elmetidosv.com\/index.php?rest_route=%2Fwp%2Fv2%2Fcategories&post=4543"},{"taxonomy":"post_tag","embeddable":true,"href":"https:\/\/elmetidosv.com\/index.php?rest_route=%2Fwp%2Fv2%2Ftags&post=4543"}],"curies":[{"name":"wp","href":"https:\/\/api.w.org\/{rel}","templated":true}]}}