{"id":4481,"date":"2020-06-12T13:47:30","date_gmt":"2020-06-12T19:47:30","guid":{"rendered":"http:\/\/elmetidosve.com\/?p=4481"},"modified":"2020-06-12T13:47:37","modified_gmt":"2020-06-12T19:47:37","slug":"el-penal-de-apanteos-realiza-jornada-de-higienizacion-y-entrega-de-suplementos-alimenticios","status":"publish","type":"post","link":"https:\/\/elmetidosv.com\/?p=4481","title":{"rendered":"El penal de Apanteos realiza jornada de higienizaci\u00f3n y entrega de suplementos alimenticios"},"content":{"rendered":"\n<figure class=\"wp-block-gallery columns-3 is-cropped wp-block-gallery-1 is-layout-flex wp-block-gallery-is-layout-flex\"><ul class=\"blocks-gallery-grid\"><li class=\"blocks-gallery-item\"><figure><img loading=\"lazy\" decoding=\"async\" width=\"360\" height=\"270\" src=\"http:\/\/elmetidosve.com\/wp-content\/uploads\/2020\/06\/0000000000000000000000000000000000-95.jpg\" alt=\"\" data-id=\"4482\" data-full-url=\"http:\/\/elmetidosve.com\/wp-content\/uploads\/2020\/06\/0000000000000000000000000000000000-95.jpg\" data-link=\"http:\/\/elmetidosve.com\/?attachment_id=4482\" class=\"wp-image-4482\" srcset=\"https:\/\/elmetidosv.com\/wp-content\/uploads\/2020\/06\/0000000000000000000000000000000000-95.jpg 360w, https:\/\/elmetidosv.com\/wp-content\/uploads\/2020\/06\/0000000000000000000000000000000000-95-300x225.jpg 300w\" sizes=\"auto, (max-width: 360px) 100vw, 360px\" \/><\/figure><\/li><li class=\"blocks-gallery-item\"><figure><img loading=\"lazy\" decoding=\"async\" width=\"360\" height=\"270\" src=\"http:\/\/elmetidosve.com\/wp-content\/uploads\/2020\/06\/000000000000000000-83.jpg\" alt=\"\" data-id=\"4483\" data-full-url=\"http:\/\/elmetidosve.com\/wp-content\/uploads\/2020\/06\/000000000000000000-83.jpg\" data-link=\"http:\/\/elmetidosve.com\/?attachment_id=4483\" class=\"wp-image-4483\" srcset=\"https:\/\/elmetidosv.com\/wp-content\/uploads\/2020\/06\/000000000000000000-83.jpg 360w, https:\/\/elmetidosv.com\/wp-content\/uploads\/2020\/06\/000000000000000000-83-300x225.jpg 300w\" sizes=\"auto, (max-width: 360px) 100vw, 360px\" \/><\/figure><\/li><li class=\"blocks-gallery-item\"><figure><img loading=\"lazy\" decoding=\"async\" width=\"360\" height=\"270\" src=\"http:\/\/elmetidosve.com\/wp-content\/uploads\/2020\/06\/000000000000000-62.jpg\" alt=\"\" data-id=\"4484\" data-full-url=\"http:\/\/elmetidosve.com\/wp-content\/uploads\/2020\/06\/000000000000000-62.jpg\" data-link=\"http:\/\/elmetidosve.com\/?attachment_id=4484\" class=\"wp-image-4484\" srcset=\"https:\/\/elmetidosv.com\/wp-content\/uploads\/2020\/06\/000000000000000-62.jpg 360w, https:\/\/elmetidosv.com\/wp-content\/uploads\/2020\/06\/000000000000000-62-300x225.jpg 300w\" sizes=\"auto, (max-width: 360px) 100vw, 360px\" \/><\/figure><\/li><li class=\"blocks-gallery-item\"><figure><img loading=\"lazy\" decoding=\"async\" width=\"360\" height=\"270\" src=\"http:\/\/elmetidosve.com\/wp-content\/uploads\/2020\/06\/0000-42.jpg\" alt=\"\" data-id=\"4485\" data-full-url=\"http:\/\/elmetidosve.com\/wp-content\/uploads\/2020\/06\/0000-42.jpg\" data-link=\"http:\/\/elmetidosve.com\/?attachment_id=4485\" class=\"wp-image-4485\" srcset=\"https:\/\/elmetidosv.com\/wp-content\/uploads\/2020\/06\/0000-42.jpg 360w, https:\/\/elmetidosv.com\/wp-content\/uploads\/2020\/06\/0000-42-300x225.jpg 300w\" sizes=\"auto, (max-width: 360px) 100vw, 360px\" \/><\/figure><\/li><\/ul><\/figure>\n\n\n\n<p>Como parte de las medidas para evitar la propagaci\u00f3n del COVID-19 entre los privados de libertad, la Direcci\u00f3n General de Centros Penales (DGCP), continu\u00f3 este viernes con las jornadas de higienizaci\u00f3n en el penal de Apanteos en Santa Ana.<\/p>\n\n\n\n<p>De igual forma, las autoridades detallaron que, como parte complementaria de la toma de talla y peso, a los internos se les est\u00e1 entregando suplementos alimenticios.<\/p>\n\n\n\n<p>\u201cEn el Centro Penal de Apanteos, iniciamos realizando toma de temperatura a los privados de libertad y se contin\u00faa con la jornada de higienizaci\u00f3n y se est\u00e1n aplicando protocolos preventivos que incluyen lavado de manos y uso de mascarilla\u201d, dijo el director ad honorem, Osiris Luna.<\/p>\n\n\n\n<p>Agregando que \u201cen este mismo Centro Penal, como parte complementaria de la toma de talla y peso, se est\u00e1n entregando insumos alimenticios a privados de libertad, priorizando a la tercera edad que es uno de los sectores m\u00e1s vulnerables ante la pandemia de COVID-19\u201d, dijo.<\/p>\n\n\n\n<p>Desde el inicio de la pandemia, las autoridades de Centros Penales realizan constantemente jornadas de limpieza y chequeos m\u00e9dicos a los internos para evitar el menor n\u00famero de contagios del virus.<\/p>\n\n\n\n<p>Adem\u00e1s, se sigue garantizando la nula comunicaci\u00f3n de los reos con el exterior, reduciendo as\u00ed de manera hist\u00f3rica el cometimiento de homicidios y otro tipo de delitos en el pa\u00eds.  <\/p>\n","protected":false},"excerpt":{"rendered":"<p>Como parte de las medidas para evitar la propagaci\u00f3n del COVID-19 entre los privados de libertad, la Direcci\u00f3n General de<\/p>\n","protected":false},"author":1,"featured_media":4483,"comment_status":"open","ping_status":"open","sticky":false,"template":"","format":"standard","meta":{"colormag_page_container_layout":"default_layout","colormag_page_sidebar_layout":"default_layout","footnotes":""},"categories":[1],"tags":[],"class_list":["post-4481","post","type-post","status-publish","format-standard","has-post-thumbnail","hentry","category-nacional"],"_links":{"self":[{"href":"https:\/\/elmetidosv.com\/index.php?rest_route=\/wp\/v2\/posts\/4481","targetHints":{"allow":["GET"]}}],"collection":[{"href":"https:\/\/elmetidosv.com\/index.php?rest_route=\/wp\/v2\/posts"}],"about":[{"href":"https:\/\/elmetidosv.com\/index.php?rest_route=\/wp\/v2\/types\/post"}],"author":[{"embeddable":true,"href":"https:\/\/elmetidosv.com\/index.php?rest_route=\/wp\/v2\/users\/1"}],"replies":[{"embeddable":true,"href":"https:\/\/elmetidosv.com\/index.php?rest_route=%2Fwp%2Fv2%2Fcomments&post=4481"}],"version-history":[{"count":1,"href":"https:\/\/elmetidosv.com\/index.php?rest_route=\/wp\/v2\/posts\/4481\/revisions"}],"predecessor-version":[{"id":4486,"href":"https:\/\/elmetidosv.com\/index.php?rest_route=\/wp\/v2\/posts\/4481\/revisions\/4486"}],"wp:featuredmedia":[{"embeddable":true,"href":"https:\/\/elmetidosv.com\/index.php?rest_route=\/wp\/v2\/media\/4483"}],"wp:attachment":[{"href":"https:\/\/elmetidosv.com\/index.php?rest_route=%2Fwp%2Fv2%2Fmedia&parent=4481"}],"wp:term":[{"taxonomy":"category","embeddable":true,"href":"https:\/\/elmetidosv.com\/index.php?rest_route=%2Fwp%2Fv2%2Fcategories&post=4481"},{"taxonomy":"post_tag","embeddable":true,"href":"https:\/\/elmetidosv.com\/index.php?rest_route=%2Fwp%2Fv2%2Ftags&post=4481"}],"curies":[{"name":"wp","href":"https:\/\/api.w.org\/{rel}","templated":true}]}}