{"id":4469,"date":"2020-06-12T13:32:11","date_gmt":"2020-06-12T19:32:11","guid":{"rendered":"http:\/\/elmetidosve.com\/?p=4469"},"modified":"2020-06-12T13:32:17","modified_gmt":"2020-06-12T19:32:17","slug":"el-salvador-se-consolida-como-el-pais-de-la-region-que-mas-pruebas-de-covid-19-ha-realizado","status":"publish","type":"post","link":"https:\/\/elmetidosv.com\/?p=4469","title":{"rendered":"El Salvador se consolida como el pa\u00eds de la regi\u00f3n que m\u00e1s pruebas de COVID-19 ha realizado"},"content":{"rendered":"\n<figure class=\"wp-block-image\"><img decoding=\"async\" src=\"https:\/\/elblog.com\/inicio\/wp-content\/uploads\/2020\/06\/pruebasanivelnacional.jpg\" alt=\"\"\/><\/figure>\n\n\n\n<p>El Salvador se ha consolidado como uno de los pa\u00edses que m\u00e1s pruebas de COVID-19 ha realizado  hasta la fecha por cada 100,000 habitantes, en Centroam\u00e9rica ocupa el primer lugar.<\/p>\n\n\n\n<p>Esto le ha permitido al Ministerio de Salud (MINSAL) manejar la pandemia de una mejor manera y contener la expansi\u00f3n de la mortal enfermedad, evitando un contagio masivo.<\/p>\n\n\n\n<p>Hasta el 11 de junio, en el pa\u00eds  se habr\u00edan realizado un total de 118,483 test para detectar el coronavirus, de los cuales 3,481han resultado positivos.<\/p>\n\n\n\n<p>En cuanto a los casos positivos, el oportuno aislamiento de cada uno de los pacientes, ha permitido la recuperaci\u00f3n de 1,587 salvadore\u00f1os.<\/p>\n","protected":false},"excerpt":{"rendered":"<p>El Salvador se ha consolidado como uno de los pa\u00edses que m\u00e1s pruebas de COVID-19 ha realizado hasta la fecha<\/p>\n","protected":false},"author":1,"featured_media":4471,"comment_status":"open","ping_status":"open","sticky":false,"template":"","format":"standard","meta":{"colormag_page_container_layout":"default_layout","colormag_page_sidebar_layout":"default_layout","footnotes":""},"categories":[1],"tags":[],"class_list":["post-4469","post","type-post","status-publish","format-standard","has-post-thumbnail","hentry","category-nacional"],"_links":{"self":[{"href":"https:\/\/elmetidosv.com\/index.php?rest_route=\/wp\/v2\/posts\/4469","targetHints":{"allow":["GET"]}}],"collection":[{"href":"https:\/\/elmetidosv.com\/index.php?rest_route=\/wp\/v2\/posts"}],"about":[{"href":"https:\/\/elmetidosv.com\/index.php?rest_route=\/wp\/v2\/types\/post"}],"author":[{"embeddable":true,"href":"https:\/\/elmetidosv.com\/index.php?rest_route=\/wp\/v2\/users\/1"}],"replies":[{"embeddable":true,"href":"https:\/\/elmetidosv.com\/index.php?rest_route=%2Fwp%2Fv2%2Fcomments&post=4469"}],"version-history":[{"count":1,"href":"https:\/\/elmetidosv.com\/index.php?rest_route=\/wp\/v2\/posts\/4469\/revisions"}],"predecessor-version":[{"id":4472,"href":"https:\/\/elmetidosv.com\/index.php?rest_route=\/wp\/v2\/posts\/4469\/revisions\/4472"}],"wp:featuredmedia":[{"embeddable":true,"href":"https:\/\/elmetidosv.com\/index.php?rest_route=\/wp\/v2\/media\/4471"}],"wp:attachment":[{"href":"https:\/\/elmetidosv.com\/index.php?rest_route=%2Fwp%2Fv2%2Fmedia&parent=4469"}],"wp:term":[{"taxonomy":"category","embeddable":true,"href":"https:\/\/elmetidosv.com\/index.php?rest_route=%2Fwp%2Fv2%2Fcategories&post=4469"},{"taxonomy":"post_tag","embeddable":true,"href":"https:\/\/elmetidosv.com\/index.php?rest_route=%2Fwp%2Fv2%2Ftags&post=4469"}],"curies":[{"name":"wp","href":"https:\/\/api.w.org\/{rel}","templated":true}]}}