{"id":4440,"date":"2020-06-11T14:36:52","date_gmt":"2020-06-11T20:36:52","guid":{"rendered":"http:\/\/elmetidosve.com\/?p=4440"},"modified":"2020-06-11T14:36:59","modified_gmt":"2020-06-11T20:36:59","slug":"gobierno-continua-con-la-entrega-de-paquetes-alimenticios-en-varios-municipios-del-pais","status":"publish","type":"post","link":"https:\/\/elmetidosv.com\/?p=4440","title":{"rendered":"Gobierno contin\u00faa con la entrega de paquetes alimenticios en varios municipios del pa\u00eds"},"content":{"rendered":"\n<p>Cinco municipios del pa\u00eds fueron fueron beneficiado este mi\u00e9rcoles por el Gobierno del Presidente de la Rep\u00fablica, Nayib Bukele, como parte del Programa de Emergencia Sanitaria (PES), para atender a las familias m\u00e1s afectadas por la pandemia del COVID-19.<\/p>\n\n\n\n<p>Los municipios beneficiados fueron Chinameca, departamento de San Miguel; Zacatecoluca, departamento de La Paz; Sensuntepeque, departamento de Caba\u00f1as; Izalco, departamento de Sonsonate, y Suchitoto, departamento de Cuscatl\u00e1n.<\/p>\n\n\n\n<p>El objetivo es llegar a entregar los 3.4 millones de paquetes alimentarios, a los hogares con mayores \u00edndices de pobreza en medio de la emergencia nacional.<\/p>\n\n\n\n<p>Este mi\u00e9rcoles, personal de la carteras de Estado del Fondo de Conservaci\u00f3n Vial (FOVIAL), la Comisi\u00f3n Ejecutiva Portuaria Aut\u00f3noma (CEPA), la Fuerza Armada y la Polic\u00eda Nacional Civil (PNC) participaron en la entrega.<\/p>\n\n\n\n<p>El Gobierno del Presidente Bukele decidi\u00f3 entregar casa por casa los paquetes alimentarios para evitar que los ciudadanos se expongan en aglomeraciones y no ser v\u00edctimas de la enfermedad.<\/p>\n\n\n\n<p>\u201cMe siento feliz porque el Presidente Nayib Bukele nos ha tra\u00eddo esta ayuda. Es algo que necesit\u00e1bamos\u201d, afirm\u00f3 Cipriana Gonz\u00e1lez, una de las beneficiadas en Chinameca, departamento de San Miguel.<\/p>\n","protected":false},"excerpt":{"rendered":"<p>Cinco municipios del pa\u00eds fueron fueron beneficiado este mi\u00e9rcoles por el Gobierno del Presidente de la Rep\u00fablica, Nayib Bukele, como<\/p>\n","protected":false},"author":1,"featured_media":4441,"comment_status":"open","ping_status":"open","sticky":false,"template":"","format":"standard","meta":{"colormag_page_container_layout":"default_layout","colormag_page_sidebar_layout":"default_layout","footnotes":""},"categories":[1],"tags":[],"class_list":["post-4440","post","type-post","status-publish","format-standard","has-post-thumbnail","hentry","category-nacional"],"_links":{"self":[{"href":"https:\/\/elmetidosv.com\/index.php?rest_route=\/wp\/v2\/posts\/4440","targetHints":{"allow":["GET"]}}],"collection":[{"href":"https:\/\/elmetidosv.com\/index.php?rest_route=\/wp\/v2\/posts"}],"about":[{"href":"https:\/\/elmetidosv.com\/index.php?rest_route=\/wp\/v2\/types\/post"}],"author":[{"embeddable":true,"href":"https:\/\/elmetidosv.com\/index.php?rest_route=\/wp\/v2\/users\/1"}],"replies":[{"embeddable":true,"href":"https:\/\/elmetidosv.com\/index.php?rest_route=%2Fwp%2Fv2%2Fcomments&post=4440"}],"version-history":[{"count":1,"href":"https:\/\/elmetidosv.com\/index.php?rest_route=\/wp\/v2\/posts\/4440\/revisions"}],"predecessor-version":[{"id":4442,"href":"https:\/\/elmetidosv.com\/index.php?rest_route=\/wp\/v2\/posts\/4440\/revisions\/4442"}],"wp:featuredmedia":[{"embeddable":true,"href":"https:\/\/elmetidosv.com\/index.php?rest_route=\/wp\/v2\/media\/4441"}],"wp:attachment":[{"href":"https:\/\/elmetidosv.com\/index.php?rest_route=%2Fwp%2Fv2%2Fmedia&parent=4440"}],"wp:term":[{"taxonomy":"category","embeddable":true,"href":"https:\/\/elmetidosv.com\/index.php?rest_route=%2Fwp%2Fv2%2Fcategories&post=4440"},{"taxonomy":"post_tag","embeddable":true,"href":"https:\/\/elmetidosv.com\/index.php?rest_route=%2Fwp%2Fv2%2Ftags&post=4440"}],"curies":[{"name":"wp","href":"https:\/\/api.w.org\/{rel}","templated":true}]}}