{"id":4278,"date":"2020-06-08T14:07:31","date_gmt":"2020-06-08T20:07:31","guid":{"rendered":"http:\/\/elmetidosve.com\/?p=4278"},"modified":"2020-06-08T14:07:38","modified_gmt":"2020-06-08T20:07:38","slug":"tres-salvadorenos-fueron-enviados-a-cuarentena-tras-ingresar-al-pais-por-la-frontera-de-anguiatu","status":"publish","type":"post","link":"https:\/\/elmetidosv.com\/?p=4278","title":{"rendered":"Tres salvadore\u00f1os fueron enviados a cuarentena tras ingresar al pa\u00eds por la frontera de Anguiat\u00fa"},"content":{"rendered":"\n<figure class=\"wp-block-gallery columns-2 is-cropped wp-block-gallery-1 is-layout-flex wp-block-gallery-is-layout-flex\"><ul class=\"blocks-gallery-grid\"><li class=\"blocks-gallery-item\"><figure><img loading=\"lazy\" decoding=\"async\" width=\"360\" height=\"270\" src=\"http:\/\/elmetidosve.com\/wp-content\/uploads\/2020\/06\/0000000000000000000000000000000000-63.jpg\" alt=\"\" data-id=\"4279\" data-full-url=\"http:\/\/elmetidosve.com\/wp-content\/uploads\/2020\/06\/0000000000000000000000000000000000-63.jpg\" data-link=\"http:\/\/elmetidosve.com\/?attachment_id=4279\" class=\"wp-image-4279\" srcset=\"https:\/\/elmetidosv.com\/wp-content\/uploads\/2020\/06\/0000000000000000000000000000000000-63.jpg 360w, https:\/\/elmetidosv.com\/wp-content\/uploads\/2020\/06\/0000000000000000000000000000000000-63-300x225.jpg 300w\" sizes=\"auto, (max-width: 360px) 100vw, 360px\" \/><\/figure><\/li><li class=\"blocks-gallery-item\"><figure><img loading=\"lazy\" decoding=\"async\" width=\"360\" height=\"270\" src=\"http:\/\/elmetidosve.com\/wp-content\/uploads\/2020\/06\/000000000000000000-62.jpg\" alt=\"\" data-id=\"4280\" data-full-url=\"http:\/\/elmetidosve.com\/wp-content\/uploads\/2020\/06\/000000000000000000-62.jpg\" data-link=\"http:\/\/elmetidosve.com\/?attachment_id=4280\" class=\"wp-image-4280\" srcset=\"https:\/\/elmetidosv.com\/wp-content\/uploads\/2020\/06\/000000000000000000-62.jpg 360w, https:\/\/elmetidosv.com\/wp-content\/uploads\/2020\/06\/000000000000000000-62-300x225.jpg 300w\" sizes=\"auto, (max-width: 360px) 100vw, 360px\" \/><\/figure><\/li><\/ul><\/figure>\n\n\n\n<p>Tres salvadore\u00f1os que entraron por la frontera de Anguiat\u00fa, del municipio de Metap\u00e1n, en el departamento de Santa Ana este mi\u00e9rcoles fueron enviados a una cuarentena.<\/p>\n\n\n\n<p>Seg\u00fan la  la Direcci\u00f3n General de Migraci\u00f3n y Extranjer\u00eda de El Salvador (DGME), tras ser revisado por el personal de Salud y no tener s\u00edntomas de COVID-19, a los ciudadanos se les explicaron que deb\u00edan cumplir con la cuarentena como medida preventiva.<\/p>\n\n\n\n<p>Las autoridades aprovecharon para hacer el llamado a las personas, a tomar el ejemplo de estos ciudadanos, ya que decidieron hacer su registro migratorio en un punto fronterizo de manera legal.<\/p>\n\n\n\n<p>Seg\u00fan el Centro de Coordinaci\u00f3n para la Prevenci\u00f3n de los Desastres en Centroam\u00e9rica y Rep\u00fablica Dominicana (CEPREDENAC) en Guatemala se contabiliza 7,055 casos de COVID-19.<\/p>\n\n\n\n<p>El Ministerio de Salud hace el llamado a la poblaci\u00f3n a cumplir con el distanciamiento social y cumplir con la cuarentena domiciliar, porque son las medidas m\u00e1s efectivas para no contraer la enfermedad.<\/p>\n","protected":false},"excerpt":{"rendered":"<p>Tres salvadore\u00f1os que entraron por la frontera de Anguiat\u00fa, del municipio de Metap\u00e1n, en el departamento de Santa Ana este<\/p>\n","protected":false},"author":1,"featured_media":4281,"comment_status":"open","ping_status":"open","sticky":false,"template":"","format":"standard","meta":{"colormag_page_container_layout":"default_layout","colormag_page_sidebar_layout":"default_layout","footnotes":""},"categories":[1],"tags":[],"class_list":["post-4278","post","type-post","status-publish","format-standard","has-post-thumbnail","hentry","category-nacional"],"_links":{"self":[{"href":"https:\/\/elmetidosv.com\/index.php?rest_route=\/wp\/v2\/posts\/4278","targetHints":{"allow":["GET"]}}],"collection":[{"href":"https:\/\/elmetidosv.com\/index.php?rest_route=\/wp\/v2\/posts"}],"about":[{"href":"https:\/\/elmetidosv.com\/index.php?rest_route=\/wp\/v2\/types\/post"}],"author":[{"embeddable":true,"href":"https:\/\/elmetidosv.com\/index.php?rest_route=\/wp\/v2\/users\/1"}],"replies":[{"embeddable":true,"href":"https:\/\/elmetidosv.com\/index.php?rest_route=%2Fwp%2Fv2%2Fcomments&post=4278"}],"version-history":[{"count":1,"href":"https:\/\/elmetidosv.com\/index.php?rest_route=\/wp\/v2\/posts\/4278\/revisions"}],"predecessor-version":[{"id":4282,"href":"https:\/\/elmetidosv.com\/index.php?rest_route=\/wp\/v2\/posts\/4278\/revisions\/4282"}],"wp:featuredmedia":[{"embeddable":true,"href":"https:\/\/elmetidosv.com\/index.php?rest_route=\/wp\/v2\/media\/4281"}],"wp:attachment":[{"href":"https:\/\/elmetidosv.com\/index.php?rest_route=%2Fwp%2Fv2%2Fmedia&parent=4278"}],"wp:term":[{"taxonomy":"category","embeddable":true,"href":"https:\/\/elmetidosv.com\/index.php?rest_route=%2Fwp%2Fv2%2Fcategories&post=4278"},{"taxonomy":"post_tag","embeddable":true,"href":"https:\/\/elmetidosv.com\/index.php?rest_route=%2Fwp%2Fv2%2Ftags&post=4278"}],"curies":[{"name":"wp","href":"https:\/\/api.w.org\/{rel}","templated":true}]}}