{"id":4129,"date":"2020-06-05T18:43:38","date_gmt":"2020-06-06T00:43:38","guid":{"rendered":"http:\/\/elmetidosve.com\/?p=4129"},"modified":"2020-06-05T18:43:45","modified_gmt":"2020-06-06T00:43:45","slug":"autoridades-reciben-a-salvadorenos-que-estuvieron-varados-en-honduras-por-emergencia","status":"publish","type":"post","link":"https:\/\/elmetidosv.com\/?p=4129","title":{"rendered":"Autoridades reciben a salvadore\u00f1os que estuvieron varados en Honduras por emergencia"},"content":{"rendered":"\n<p>Un grupo de salvadore\u00f1os provenientes de Honduras fue recibido por las autoridades del Ministerio de Relaciones Exteriores (RRE) la frontera El Amatillo, departamento de La Uni\u00f3n.<\/p>\n\n\n\n<p>Los connacionales cumplieron con el chequeo sanitario y migratorio, a cargo de las autoridaes del Ministerio de Salud y personal de la Direcci\u00f3n General de Migraci\u00f3n y Extranjer\u00eda (DGME).<\/p>\n\n\n\n<p>El nutrido grupo de salvadore\u00f1os ya se encuentran en ruta hacia San Salvador para ser ubicados en un centro seguro y acorde a sus necesidades, donde cumplir\u00e1n la cuarentena.<\/p>\n\n\n\n<p>De acuerdo a los reportes, los connacionales permanecieron en el pa\u00eds vecino luego del cierre de fronteras como medida de prevenci\u00f3n por la emergencia del COVID-19.<\/p>\n\n\n\n<p>La repatriaci\u00f3n de salvadore\u00f1os varados en otros pa\u00edses, se logra gracias al trabajo articulado entre varias carteras de Estado, que garantizan el traslado gradual y ordenado de connacionales que no ingresaron al pa\u00eds debido a la pandemia del coronavirus.<\/p>\n","protected":false},"excerpt":{"rendered":"<p>Un grupo de salvadore\u00f1os provenientes de Honduras fue recibido por las autoridades del Ministerio de Relaciones Exteriores (RRE) la frontera<\/p>\n","protected":false},"author":1,"featured_media":4130,"comment_status":"open","ping_status":"open","sticky":false,"template":"","format":"standard","meta":{"colormag_page_container_layout":"default_layout","colormag_page_sidebar_layout":"default_layout","footnotes":""},"categories":[1],"tags":[],"class_list":["post-4129","post","type-post","status-publish","format-standard","has-post-thumbnail","hentry","category-nacional"],"_links":{"self":[{"href":"https:\/\/elmetidosv.com\/index.php?rest_route=\/wp\/v2\/posts\/4129","targetHints":{"allow":["GET"]}}],"collection":[{"href":"https:\/\/elmetidosv.com\/index.php?rest_route=\/wp\/v2\/posts"}],"about":[{"href":"https:\/\/elmetidosv.com\/index.php?rest_route=\/wp\/v2\/types\/post"}],"author":[{"embeddable":true,"href":"https:\/\/elmetidosv.com\/index.php?rest_route=\/wp\/v2\/users\/1"}],"replies":[{"embeddable":true,"href":"https:\/\/elmetidosv.com\/index.php?rest_route=%2Fwp%2Fv2%2Fcomments&post=4129"}],"version-history":[{"count":1,"href":"https:\/\/elmetidosv.com\/index.php?rest_route=\/wp\/v2\/posts\/4129\/revisions"}],"predecessor-version":[{"id":4131,"href":"https:\/\/elmetidosv.com\/index.php?rest_route=\/wp\/v2\/posts\/4129\/revisions\/4131"}],"wp:featuredmedia":[{"embeddable":true,"href":"https:\/\/elmetidosv.com\/index.php?rest_route=\/wp\/v2\/media\/4130"}],"wp:attachment":[{"href":"https:\/\/elmetidosv.com\/index.php?rest_route=%2Fwp%2Fv2%2Fmedia&parent=4129"}],"wp:term":[{"taxonomy":"category","embeddable":true,"href":"https:\/\/elmetidosv.com\/index.php?rest_route=%2Fwp%2Fv2%2Fcategories&post=4129"},{"taxonomy":"post_tag","embeddable":true,"href":"https:\/\/elmetidosv.com\/index.php?rest_route=%2Fwp%2Fv2%2Ftags&post=4129"}],"curies":[{"name":"wp","href":"https:\/\/api.w.org\/{rel}","templated":true}]}}