{"id":4071,"date":"2020-06-05T13:37:36","date_gmt":"2020-06-05T19:37:36","guid":{"rendered":"http:\/\/elmetidosve.com\/?p=4071"},"modified":"2020-06-05T13:37:43","modified_gmt":"2020-06-05T19:37:43","slug":"fallece-jefe-de-seguridad-de-la-asamblea-legislativa-a-causa-del-covid-19","status":"publish","type":"post","link":"https:\/\/elmetidosv.com\/?p=4071","title":{"rendered":"Fallece jefe de seguridad de la Asamblea Legislativa a causa del COVID-19"},"content":{"rendered":"\n<p>El Ministerio de Salud inform\u00f3, la ma\u00f1ana de este viernes, sobre el fallecimiento a causa del COVID-19 del coronel C\u00e9sar Ren\u00e9 Florentin Reyes Dheming, quien se desempe\u00f1aba como jefe de seguridad de la Asamblea Legislativa.<\/p>\n\n\n\n<p>Reyes Dheming, quien tambi\u00e9n fue exdiputado de ARENA, ten\u00eda antecedentes de diabetes mellitus y a pesar de aplicarle todo el protocolo de la Unidad de Cuidados Intensivos (UCI) del Hospital Militar, perdi\u00f3 la vida.<\/p>\n\n\n\n<p>\u201cLa Fuerza Armada expresa su m\u00e1s sentido p\u00e9same a la familia y amigos del se\u00f1or Cnel. Inf. DEM (R) Cesar Ren\u00e9 Florentin Reyes Dheming quien falleci\u00f3 en el Hospital Militar, luego de haber sido ingresado a la UCI el 19 de mayo\u201d, public\u00f3 el ministro de Defensa Ren\u00e9 Francisco Merino.<\/p>\n\n\n\n<p>El contagio de Reyes Dheming fue confirmado el pasado 21 de marzo, por el presidente de la Asamblea Legislativa, Mario Ponce.<\/p>\n\n\n\n<p>Hasta este viernes, en El Salvador se reportan 2,849 casos de COVID-19, de los cuales 1,547 son activos. Adem\u00e1s, se reportan 1,249 recuperados y 53 fallecidos.<\/p>\n","protected":false},"excerpt":{"rendered":"<p>El Ministerio de Salud inform\u00f3, la ma\u00f1ana de este viernes, sobre el fallecimiento a causa del COVID-19 del coronel C\u00e9sar<\/p>\n","protected":false},"author":1,"featured_media":4072,"comment_status":"open","ping_status":"open","sticky":false,"template":"","format":"standard","meta":{"colormag_page_container_layout":"default_layout","colormag_page_sidebar_layout":"default_layout","footnotes":""},"categories":[1],"tags":[],"class_list":["post-4071","post","type-post","status-publish","format-standard","has-post-thumbnail","hentry","category-nacional"],"_links":{"self":[{"href":"https:\/\/elmetidosv.com\/index.php?rest_route=\/wp\/v2\/posts\/4071","targetHints":{"allow":["GET"]}}],"collection":[{"href":"https:\/\/elmetidosv.com\/index.php?rest_route=\/wp\/v2\/posts"}],"about":[{"href":"https:\/\/elmetidosv.com\/index.php?rest_route=\/wp\/v2\/types\/post"}],"author":[{"embeddable":true,"href":"https:\/\/elmetidosv.com\/index.php?rest_route=\/wp\/v2\/users\/1"}],"replies":[{"embeddable":true,"href":"https:\/\/elmetidosv.com\/index.php?rest_route=%2Fwp%2Fv2%2Fcomments&post=4071"}],"version-history":[{"count":1,"href":"https:\/\/elmetidosv.com\/index.php?rest_route=\/wp\/v2\/posts\/4071\/revisions"}],"predecessor-version":[{"id":4073,"href":"https:\/\/elmetidosv.com\/index.php?rest_route=\/wp\/v2\/posts\/4071\/revisions\/4073"}],"wp:featuredmedia":[{"embeddable":true,"href":"https:\/\/elmetidosv.com\/index.php?rest_route=\/wp\/v2\/media\/4072"}],"wp:attachment":[{"href":"https:\/\/elmetidosv.com\/index.php?rest_route=%2Fwp%2Fv2%2Fmedia&parent=4071"}],"wp:term":[{"taxonomy":"category","embeddable":true,"href":"https:\/\/elmetidosv.com\/index.php?rest_route=%2Fwp%2Fv2%2Fcategories&post=4071"},{"taxonomy":"post_tag","embeddable":true,"href":"https:\/\/elmetidosv.com\/index.php?rest_route=%2Fwp%2Fv2%2Ftags&post=4071"}],"curies":[{"name":"wp","href":"https:\/\/api.w.org\/{rel}","templated":true}]}}