{"id":4026,"date":"2020-06-04T13:39:04","date_gmt":"2020-06-04T19:39:04","guid":{"rendered":"http:\/\/elmetidosve.com\/?p=4026"},"modified":"2020-06-04T13:39:12","modified_gmt":"2020-06-04T19:39:12","slug":"isss-habilita-banco-de-sangre-para-la-donacion-de-plasma-convaleciente","status":"publish","type":"post","link":"https:\/\/elmetidosv.com\/?p=4026","title":{"rendered":"ISSS habilita banco de sangre para la donaci\u00f3n de plasma convaleciente"},"content":{"rendered":"\n<figure class=\"wp-block-gallery columns-3 is-cropped wp-block-gallery-1 is-layout-flex wp-block-gallery-is-layout-flex\"><ul class=\"blocks-gallery-grid\"><li class=\"blocks-gallery-item\"><figure><img loading=\"lazy\" decoding=\"async\" width=\"270\" height=\"360\" src=\"http:\/\/elmetidosve.com\/wp-content\/uploads\/2020\/06\/0000000000000000000000000000000000-27.jpg\" alt=\"\" data-id=\"4027\" data-full-url=\"http:\/\/elmetidosve.com\/wp-content\/uploads\/2020\/06\/0000000000000000000000000000000000-27.jpg\" data-link=\"http:\/\/elmetidosve.com\/?attachment_id=4027\" class=\"wp-image-4027\" srcset=\"https:\/\/elmetidosv.com\/wp-content\/uploads\/2020\/06\/0000000000000000000000000000000000-27.jpg 270w, https:\/\/elmetidosv.com\/wp-content\/uploads\/2020\/06\/0000000000000000000000000000000000-27-225x300.jpg 225w\" sizes=\"auto, (max-width: 270px) 100vw, 270px\" \/><\/figure><\/li><li class=\"blocks-gallery-item\"><figure><img loading=\"lazy\" decoding=\"async\" width=\"270\" height=\"360\" src=\"http:\/\/elmetidosve.com\/wp-content\/uploads\/2020\/06\/000000000000000000-27.jpg\" alt=\"\" data-id=\"4028\" data-full-url=\"http:\/\/elmetidosve.com\/wp-content\/uploads\/2020\/06\/000000000000000000-27.jpg\" data-link=\"http:\/\/elmetidosve.com\/?attachment_id=4028\" class=\"wp-image-4028\" srcset=\"https:\/\/elmetidosv.com\/wp-content\/uploads\/2020\/06\/000000000000000000-27.jpg 270w, https:\/\/elmetidosv.com\/wp-content\/uploads\/2020\/06\/000000000000000000-27-225x300.jpg 225w\" sizes=\"auto, (max-width: 270px) 100vw, 270px\" \/><\/figure><\/li><li class=\"blocks-gallery-item\"><figure><img loading=\"lazy\" decoding=\"async\" width=\"270\" height=\"360\" src=\"http:\/\/elmetidosve.com\/wp-content\/uploads\/2020\/06\/000000000000000-20.jpg\" alt=\"\" data-id=\"4029\" data-full-url=\"http:\/\/elmetidosve.com\/wp-content\/uploads\/2020\/06\/000000000000000-20.jpg\" data-link=\"http:\/\/elmetidosve.com\/?attachment_id=4029\" class=\"wp-image-4029\" srcset=\"https:\/\/elmetidosv.com\/wp-content\/uploads\/2020\/06\/000000000000000-20.jpg 270w, https:\/\/elmetidosv.com\/wp-content\/uploads\/2020\/06\/000000000000000-20-225x300.jpg 225w\" sizes=\"auto, (max-width: 270px) 100vw, 270px\" \/><\/figure><\/li><\/ul><\/figure>\n\n\n\n<p>En el hospital M\u00e9dico Quir\u00fargico del Instituto Salvadore\u00f1o del Seguro Social (ISSS) se habilit\u00f3 un banco de sangra para la recolecci\u00f3n de plasma convaleciente con el que se busca salvar a m\u00e1s pacientes contagiados por el Covid-19.<\/p>\n\n\n\n<p>Este es el segundo banco habilitado para tal fin, despu\u00e9s del Hospital de ni\u00f1os Benjam\u00edn Bloom, donde se habilit\u00f3 el primero y que hasta la fecha ya ha recibido varias donaciones de plasma por salvadore\u00f1os que vencieron la enfermedad.<\/p>\n\n\n\n<p>De acuerdo a los especialistas del Equipo Interdisciplinario de Contenci\u00f3n Epidemiol\u00f3gica (EICE), El Salvador, es uno de los pocos pa\u00edses en la regi\u00f3n en implementar el programa de Plasma Convaleciente.<\/p>\n\n\n\n<p>La inauguraci\u00f3n de este nuevo centro se realiz\u00f3 la ma\u00f1ana del mi\u00e9rcoles, y \u201clos dos primeros donantes fueron h\u00e9roes de primera l\u00ednea que con su aporte le han apostado a salvar m\u00e1s vidas\u201d, indicaron autoridades del ISSS.<\/p>\n\n\n\n<p>El plasma es uno de los componentes de la sangre que, cuando una persona se recupera del Covid-19, desarrolla anticuerpos que combaten la enfermedad.<\/p>\n\n\n\n<p>El organismo de las personas a\u00fan enfermas no posee estos anticuerpos, pero puede recibirlos mediante una transfusi\u00f3n de plasma convaleciente, esto le ayudar\u00e1 a recuperarse m\u00e1s r\u00e1pido.<\/p>\n\n\n\n<p>De acuerdo a los profesionales del EICE, una persona recuperada de coronavirus puede donar su plasma cada ocho d\u00edas, hasta un m\u00e1ximo de cuatro veces.<\/p>\n","protected":false},"excerpt":{"rendered":"<p>En el hospital M\u00e9dico Quir\u00fargico del Instituto Salvadore\u00f1o del Seguro Social (ISSS) se habilit\u00f3 un banco de sangra para la<\/p>\n","protected":false},"author":1,"featured_media":4027,"comment_status":"open","ping_status":"open","sticky":false,"template":"","format":"standard","meta":{"colormag_page_container_layout":"default_layout","colormag_page_sidebar_layout":"default_layout","footnotes":""},"categories":[1],"tags":[],"class_list":["post-4026","post","type-post","status-publish","format-standard","has-post-thumbnail","hentry","category-nacional"],"_links":{"self":[{"href":"https:\/\/elmetidosv.com\/index.php?rest_route=\/wp\/v2\/posts\/4026","targetHints":{"allow":["GET"]}}],"collection":[{"href":"https:\/\/elmetidosv.com\/index.php?rest_route=\/wp\/v2\/posts"}],"about":[{"href":"https:\/\/elmetidosv.com\/index.php?rest_route=\/wp\/v2\/types\/post"}],"author":[{"embeddable":true,"href":"https:\/\/elmetidosv.com\/index.php?rest_route=\/wp\/v2\/users\/1"}],"replies":[{"embeddable":true,"href":"https:\/\/elmetidosv.com\/index.php?rest_route=%2Fwp%2Fv2%2Fcomments&post=4026"}],"version-history":[{"count":1,"href":"https:\/\/elmetidosv.com\/index.php?rest_route=\/wp\/v2\/posts\/4026\/revisions"}],"predecessor-version":[{"id":4030,"href":"https:\/\/elmetidosv.com\/index.php?rest_route=\/wp\/v2\/posts\/4026\/revisions\/4030"}],"wp:featuredmedia":[{"embeddable":true,"href":"https:\/\/elmetidosv.com\/index.php?rest_route=\/wp\/v2\/media\/4027"}],"wp:attachment":[{"href":"https:\/\/elmetidosv.com\/index.php?rest_route=%2Fwp%2Fv2%2Fmedia&parent=4026"}],"wp:term":[{"taxonomy":"category","embeddable":true,"href":"https:\/\/elmetidosv.com\/index.php?rest_route=%2Fwp%2Fv2%2Fcategories&post=4026"},{"taxonomy":"post_tag","embeddable":true,"href":"https:\/\/elmetidosv.com\/index.php?rest_route=%2Fwp%2Fv2%2Ftags&post=4026"}],"curies":[{"name":"wp","href":"https:\/\/api.w.org\/{rel}","templated":true}]}}