{"id":3995,"date":"2020-06-03T19:09:00","date_gmt":"2020-06-04T01:09:00","guid":{"rendered":"http:\/\/elmetidosve.com\/?p=3995"},"modified":"2020-06-03T19:09:07","modified_gmt":"2020-06-04T01:09:07","slug":"estas-son-las-nuevas-fechas-de-circulacion-de-acuerdo-al-numero-de-dui","status":"publish","type":"post","link":"https:\/\/elmetidosv.com\/?p=3995","title":{"rendered":"Estas son las nuevas fechas de circulaci\u00f3n de acuerdo al n\u00famero de DUI"},"content":{"rendered":"\n<figure class=\"wp-block-gallery columns-1 is-cropped wp-block-gallery-1 is-layout-flex wp-block-gallery-is-layout-flex\"><ul class=\"blocks-gallery-grid\"><li class=\"blocks-gallery-item\"><figure><img loading=\"lazy\" decoding=\"async\" width=\"525\" height=\"679\" src=\"http:\/\/elmetidosve.com\/wp-content\/uploads\/2020\/06\/000000000000000000-22.jpg\" alt=\"\" data-id=\"3996\" data-full-url=\"http:\/\/elmetidosve.com\/wp-content\/uploads\/2020\/06\/000000000000000000-22.jpg\" data-link=\"http:\/\/elmetidosve.com\/?attachment_id=3996\" class=\"wp-image-3996\" srcset=\"https:\/\/elmetidosv.com\/wp-content\/uploads\/2020\/06\/000000000000000000-22.jpg 525w, https:\/\/elmetidosv.com\/wp-content\/uploads\/2020\/06\/000000000000000000-22-232x300.jpg 232w\" sizes=\"auto, (max-width: 525px) 100vw, 525px\" \/><\/figure><\/li><\/ul><\/figure>\n\n\n\n<p>El Ministerio de Salud dio a conocer recientemente en sus redes sociales el decreto N\u00b029, que establece las medidas extraordinarias y de contenci\u00f3n contra la pandemia del COVID-19.<\/p>\n\n\n\n<p>Entre los puntos m\u00e1s relevantes anunciados por el Ministerio de Salud se encuentra la restricci\u00f3n de movilidad de acuerdo al \u00faltimo n\u00famero de Documento \u00danico de Identidad (DUI).<\/p>\n\n\n\n<p>Los salvadore\u00f1os continuaran realizando las compras o tramites bancarios seg\u00fan el \u00faltimo n\u00famero de DUI. Esta nueva cuarentena esta prevista hasta el 15 de junio.<\/p>\n\n\n\n<p>De acuerdo a la informaci\u00f3n, los DUIs que terminen con 0, 1 o 2 podr\u00e1n transitar los d\u00edas jueves 4 de junio, lunes 8 y viernes 12 de junio.<\/p>\n\n\n\n<p>Mientras que los documentos que finalicen con los n\u00fameros 3 o 4, tienen permitido la circulaci\u00f3n el viernes 5 de junio, martes 9 y s\u00e1bado 13 de junio.<\/p>\n\n\n\n<p>Por su lado, los que finalicen con 5 o 6 les corresponden los d\u00edas s\u00e1bado 6 de junio, mi\u00e9rcoles 10 y domingo 14.<\/p>\n\n\n\n<p>Finalmente, los DUIs que terminen con 7, 8 o 9 podr\u00e1n circular el mi\u00e9rcoles 3 de junio, domingo 7, jueves 11 y lunes 15.<\/p>\n\n\n\n<p>En el caso de las ferreter\u00edas y farmacias se puede comprar sin importar el \u00faltimo n\u00famero del DUI.<\/p>\n","protected":false},"excerpt":{"rendered":"<p>El Ministerio de Salud dio a conocer recientemente en sus redes sociales el decreto N\u00b029, que establece las medidas extraordinarias<\/p>\n","protected":false},"author":1,"featured_media":3997,"comment_status":"open","ping_status":"open","sticky":false,"template":"","format":"standard","meta":{"colormag_page_container_layout":"default_layout","colormag_page_sidebar_layout":"default_layout","footnotes":""},"categories":[1],"tags":[],"class_list":["post-3995","post","type-post","status-publish","format-standard","has-post-thumbnail","hentry","category-nacional"],"_links":{"self":[{"href":"https:\/\/elmetidosv.com\/index.php?rest_route=\/wp\/v2\/posts\/3995","targetHints":{"allow":["GET"]}}],"collection":[{"href":"https:\/\/elmetidosv.com\/index.php?rest_route=\/wp\/v2\/posts"}],"about":[{"href":"https:\/\/elmetidosv.com\/index.php?rest_route=\/wp\/v2\/types\/post"}],"author":[{"embeddable":true,"href":"https:\/\/elmetidosv.com\/index.php?rest_route=\/wp\/v2\/users\/1"}],"replies":[{"embeddable":true,"href":"https:\/\/elmetidosv.com\/index.php?rest_route=%2Fwp%2Fv2%2Fcomments&post=3995"}],"version-history":[{"count":1,"href":"https:\/\/elmetidosv.com\/index.php?rest_route=\/wp\/v2\/posts\/3995\/revisions"}],"predecessor-version":[{"id":3998,"href":"https:\/\/elmetidosv.com\/index.php?rest_route=\/wp\/v2\/posts\/3995\/revisions\/3998"}],"wp:featuredmedia":[{"embeddable":true,"href":"https:\/\/elmetidosv.com\/index.php?rest_route=\/wp\/v2\/media\/3997"}],"wp:attachment":[{"href":"https:\/\/elmetidosv.com\/index.php?rest_route=%2Fwp%2Fv2%2Fmedia&parent=3995"}],"wp:term":[{"taxonomy":"category","embeddable":true,"href":"https:\/\/elmetidosv.com\/index.php?rest_route=%2Fwp%2Fv2%2Fcategories&post=3995"},{"taxonomy":"post_tag","embeddable":true,"href":"https:\/\/elmetidosv.com\/index.php?rest_route=%2Fwp%2Fv2%2Ftags&post=3995"}],"curies":[{"name":"wp","href":"https:\/\/api.w.org\/{rel}","templated":true}]}}