{"id":3713,"date":"2020-05-30T13:00:21","date_gmt":"2020-05-30T19:00:21","guid":{"rendered":"http:\/\/elmetidosve.com\/?p=3713"},"modified":"2020-05-30T13:00:28","modified_gmt":"2020-05-30T19:00:28","slug":"dos-vehiculos-se-accidentan-sobre-la-carretera-panamericana-cuscatlan","status":"publish","type":"post","link":"https:\/\/elmetidosv.com\/?p=3713","title":{"rendered":"Dos veh\u00edculos se accidentan sobre la carretera Panamericana, Cuscatl\u00e1n"},"content":{"rendered":"\n<figure class=\"wp-block-gallery columns-3 is-cropped wp-block-gallery-1 is-layout-flex wp-block-gallery-is-layout-flex\"><ul class=\"blocks-gallery-grid\"><li class=\"blocks-gallery-item\"><figure><img loading=\"lazy\" decoding=\"async\" width=\"360\" height=\"270\" src=\"http:\/\/elmetidosve.com\/wp-content\/uploads\/2020\/05\/0000000000000000000000000000000000-172.jpg\" alt=\"\" data-id=\"3714\" data-full-url=\"http:\/\/elmetidosve.com\/wp-content\/uploads\/2020\/05\/0000000000000000000000000000000000-172.jpg\" data-link=\"http:\/\/elmetidosve.com\/?attachment_id=3714\" class=\"wp-image-3714\" srcset=\"https:\/\/elmetidosv.com\/wp-content\/uploads\/2020\/05\/0000000000000000000000000000000000-172.jpg 360w, https:\/\/elmetidosv.com\/wp-content\/uploads\/2020\/05\/0000000000000000000000000000000000-172-300x225.jpg 300w\" sizes=\"auto, (max-width: 360px) 100vw, 360px\" \/><\/figure><\/li><li class=\"blocks-gallery-item\"><figure><img loading=\"lazy\" decoding=\"async\" width=\"360\" height=\"270\" src=\"http:\/\/elmetidosve.com\/wp-content\/uploads\/2020\/05\/000000000000000000-205.jpg\" alt=\"\" data-id=\"3715\" data-full-url=\"http:\/\/elmetidosve.com\/wp-content\/uploads\/2020\/05\/000000000000000000-205.jpg\" data-link=\"http:\/\/elmetidosve.com\/?attachment_id=3715\" class=\"wp-image-3715\" srcset=\"https:\/\/elmetidosv.com\/wp-content\/uploads\/2020\/05\/000000000000000000-205.jpg 360w, https:\/\/elmetidosv.com\/wp-content\/uploads\/2020\/05\/000000000000000000-205-300x225.jpg 300w\" sizes=\"auto, (max-width: 360px) 100vw, 360px\" \/><\/figure><\/li><li class=\"blocks-gallery-item\"><figure><img loading=\"lazy\" decoding=\"async\" width=\"360\" height=\"270\" src=\"http:\/\/elmetidosve.com\/wp-content\/uploads\/2020\/05\/000000000000000-130.jpg\" alt=\"\" data-id=\"3716\" data-full-url=\"http:\/\/elmetidosve.com\/wp-content\/uploads\/2020\/05\/000000000000000-130.jpg\" data-link=\"http:\/\/elmetidosve.com\/?attachment_id=3716\" class=\"wp-image-3716\" srcset=\"https:\/\/elmetidosv.com\/wp-content\/uploads\/2020\/05\/000000000000000-130.jpg 360w, https:\/\/elmetidosv.com\/wp-content\/uploads\/2020\/05\/000000000000000-130-300x225.jpg 300w\" sizes=\"auto, (max-width: 360px) 100vw, 360px\" \/><\/figure><\/li><\/ul><\/figure>\n\n\n\n<p>Dos accidentes de tr\u00e1nsito se registraron, la ma\u00f1ana de este s\u00e1bado, sobre la carretera Panamericana, en la jurisdicci\u00f3n del municipio de San Pedro Perulap\u00e1n del departamento de Cuscatl\u00e1n.<\/p>\n\n\n\n<p>El primero de los accidentes se registr\u00f3 sobre el kil\u00f3metro 27 de referida carretera, donde un veh\u00edculo tipo sed\u00e1n volc\u00f3 debido a la fuerte lluvia que se registraba en ese momento.<\/p>\n\n\n\n<p>Por su parte, el otro percance se dio sobre el kil\u00f3metro 32, en el cual se vio involucrado un veh\u00edculo tipo pick up doble cabina que se sali\u00f3 de la carretera e impact\u00f3 contra unos \u00e1rboles.<\/p>\n\n\n\n<p>Ambos accidentes fueron atendidos por elementos de Cruz Roja Salvadore\u00f1a, quienes detallaron que solo se reportaron da\u00f1os materiales y no hubo necesidad de transportar a alg\u00fan herido hacia el hospital.<\/p>\n\n\n\n<p><br><\/p>\n","protected":false},"excerpt":{"rendered":"<p>Dos accidentes de tr\u00e1nsito se registraron, la ma\u00f1ana de este s\u00e1bado, sobre la carretera Panamericana, en la jurisdicci\u00f3n del municipio<\/p>\n","protected":false},"author":1,"featured_media":3714,"comment_status":"open","ping_status":"open","sticky":false,"template":"","format":"standard","meta":{"colormag_page_container_layout":"default_layout","colormag_page_sidebar_layout":"default_layout","footnotes":""},"categories":[1],"tags":[],"class_list":["post-3713","post","type-post","status-publish","format-standard","has-post-thumbnail","hentry","category-nacional"],"_links":{"self":[{"href":"https:\/\/elmetidosv.com\/index.php?rest_route=\/wp\/v2\/posts\/3713","targetHints":{"allow":["GET"]}}],"collection":[{"href":"https:\/\/elmetidosv.com\/index.php?rest_route=\/wp\/v2\/posts"}],"about":[{"href":"https:\/\/elmetidosv.com\/index.php?rest_route=\/wp\/v2\/types\/post"}],"author":[{"embeddable":true,"href":"https:\/\/elmetidosv.com\/index.php?rest_route=\/wp\/v2\/users\/1"}],"replies":[{"embeddable":true,"href":"https:\/\/elmetidosv.com\/index.php?rest_route=%2Fwp%2Fv2%2Fcomments&post=3713"}],"version-history":[{"count":1,"href":"https:\/\/elmetidosv.com\/index.php?rest_route=\/wp\/v2\/posts\/3713\/revisions"}],"predecessor-version":[{"id":3718,"href":"https:\/\/elmetidosv.com\/index.php?rest_route=\/wp\/v2\/posts\/3713\/revisions\/3718"}],"wp:featuredmedia":[{"embeddable":true,"href":"https:\/\/elmetidosv.com\/index.php?rest_route=\/wp\/v2\/media\/3714"}],"wp:attachment":[{"href":"https:\/\/elmetidosv.com\/index.php?rest_route=%2Fwp%2Fv2%2Fmedia&parent=3713"}],"wp:term":[{"taxonomy":"category","embeddable":true,"href":"https:\/\/elmetidosv.com\/index.php?rest_route=%2Fwp%2Fv2%2Fcategories&post=3713"},{"taxonomy":"post_tag","embeddable":true,"href":"https:\/\/elmetidosv.com\/index.php?rest_route=%2Fwp%2Fv2%2Ftags&post=3713"}],"curies":[{"name":"wp","href":"https:\/\/api.w.org\/{rel}","templated":true}]}}