{"id":3708,"date":"2020-05-30T12:55:19","date_gmt":"2020-05-30T18:55:19","guid":{"rendered":"http:\/\/elmetidosve.com\/?p=3708"},"modified":"2020-05-30T12:55:25","modified_gmt":"2020-05-30T18:55:25","slug":"siete-pacientes-se-recuperan-de-covid-19-en-el-isss-de-san-miguel","status":"publish","type":"post","link":"https:\/\/elmetidosv.com\/?p=3708","title":{"rendered":"Siete pacientes se recuperan de COVID-19 en el ISSS de San Miguel"},"content":{"rendered":"\n<figure class=\"wp-block-gallery columns-3 is-cropped wp-block-gallery-1 is-layout-flex wp-block-gallery-is-layout-flex\"><ul class=\"blocks-gallery-grid\"><li class=\"blocks-gallery-item\"><figure><img loading=\"lazy\" decoding=\"async\" width=\"360\" height=\"203\" src=\"http:\/\/elmetidosve.com\/wp-content\/uploads\/2020\/05\/0000000000000000000000000000000000-171.jpg\" alt=\"\" data-id=\"3709\" data-full-url=\"http:\/\/elmetidosve.com\/wp-content\/uploads\/2020\/05\/0000000000000000000000000000000000-171.jpg\" data-link=\"http:\/\/elmetidosve.com\/?attachment_id=3709\" class=\"wp-image-3709\" srcset=\"https:\/\/elmetidosv.com\/wp-content\/uploads\/2020\/05\/0000000000000000000000000000000000-171.jpg 360w, https:\/\/elmetidosv.com\/wp-content\/uploads\/2020\/05\/0000000000000000000000000000000000-171-300x169.jpg 300w\" sizes=\"auto, (max-width: 360px) 100vw, 360px\" \/><\/figure><\/li><li class=\"blocks-gallery-item\"><figure><img loading=\"lazy\" decoding=\"async\" width=\"360\" height=\"360\" src=\"http:\/\/elmetidosve.com\/wp-content\/uploads\/2020\/05\/000000000000000000-204.jpg\" alt=\"\" data-id=\"3710\" data-full-url=\"http:\/\/elmetidosve.com\/wp-content\/uploads\/2020\/05\/000000000000000000-204.jpg\" data-link=\"http:\/\/elmetidosve.com\/?attachment_id=3710\" class=\"wp-image-3710\" srcset=\"https:\/\/elmetidosv.com\/wp-content\/uploads\/2020\/05\/000000000000000000-204.jpg 360w, https:\/\/elmetidosv.com\/wp-content\/uploads\/2020\/05\/000000000000000000-204-300x300.jpg 300w, https:\/\/elmetidosv.com\/wp-content\/uploads\/2020\/05\/000000000000000000-204-150x150.jpg 150w\" sizes=\"auto, (max-width: 360px) 100vw, 360px\" \/><\/figure><\/li><li class=\"blocks-gallery-item\"><figure><img loading=\"lazy\" decoding=\"async\" width=\"360\" height=\"209\" src=\"http:\/\/elmetidosve.com\/wp-content\/uploads\/2020\/05\/000000000000000-129.jpg\" alt=\"\" data-id=\"3711\" data-full-url=\"http:\/\/elmetidosve.com\/wp-content\/uploads\/2020\/05\/000000000000000-129.jpg\" data-link=\"http:\/\/elmetidosve.com\/?attachment_id=3711\" class=\"wp-image-3711\" srcset=\"https:\/\/elmetidosv.com\/wp-content\/uploads\/2020\/05\/000000000000000-129.jpg 360w, https:\/\/elmetidosv.com\/wp-content\/uploads\/2020\/05\/000000000000000-129-300x174.jpg 300w\" sizes=\"auto, (max-width: 360px) 100vw, 360px\" \/><\/figure><\/li><\/ul><\/figure>\n\n\n\n<p>Siete pacientes m\u00e1s fueron dados de alta, en las \u00faltimas horas, luego de recuperarse de COVID-19 en el Hospital Regional del Instituto Salvadore\u00f1o del Seguro Social (ISSS) de San Miguel.<\/p>\n\n\n\n<p>Los siete pacientes se encuentran estables y fueron enviados hacia sus hogares, donde deber\u00e1n continuar con el tratamiento y deber\u00e1n cumplir una cuarentena de 15 d\u00edas bajo estricta vigilancia.<\/p>\n\n\n\n<p>\u201cLa recuperaci\u00f3n y posterior alta de nuestros pacientes ingresados por COVID-19, es una muestra de la capacidad que tenemos los salvadore\u00f1os de vencer esta pandemia\u201d, expres\u00f3 la directora del ISSS, Delmy Ca\u00f1as al dar a conocer la noticia sobre el alta m\u00e9dica de los pacientes.<\/p>\n\n\n\n<p>Hasta este s\u00e1bado, en El Salvador se registran 2,395 casos confirmados de COVID-19, de los cuales 1,325 son activos. Asimismo, se reportan 1,026 curados de le enfermedad y 44 fallecidos.<\/p>\n\n\n\n<p>A nivel mundial, se han reportado m\u00e1s de 5,9 millones de casos de COVID-19 as\u00ed como m\u00e1s de 364 mil muertes, seg\u00fan los datos publicados este s\u00e1bado por la Universidad Johns Hopkins.<br><\/p>\n","protected":false},"excerpt":{"rendered":"<p>Siete pacientes m\u00e1s fueron dados de alta, en las \u00faltimas horas, luego de recuperarse de COVID-19 en el Hospital Regional<\/p>\n","protected":false},"author":1,"featured_media":3711,"comment_status":"open","ping_status":"open","sticky":false,"template":"","format":"standard","meta":{"colormag_page_container_layout":"default_layout","colormag_page_sidebar_layout":"default_layout","footnotes":""},"categories":[1],"tags":[],"class_list":["post-3708","post","type-post","status-publish","format-standard","has-post-thumbnail","hentry","category-nacional"],"_links":{"self":[{"href":"https:\/\/elmetidosv.com\/index.php?rest_route=\/wp\/v2\/posts\/3708","targetHints":{"allow":["GET"]}}],"collection":[{"href":"https:\/\/elmetidosv.com\/index.php?rest_route=\/wp\/v2\/posts"}],"about":[{"href":"https:\/\/elmetidosv.com\/index.php?rest_route=\/wp\/v2\/types\/post"}],"author":[{"embeddable":true,"href":"https:\/\/elmetidosv.com\/index.php?rest_route=\/wp\/v2\/users\/1"}],"replies":[{"embeddable":true,"href":"https:\/\/elmetidosv.com\/index.php?rest_route=%2Fwp%2Fv2%2Fcomments&post=3708"}],"version-history":[{"count":1,"href":"https:\/\/elmetidosv.com\/index.php?rest_route=\/wp\/v2\/posts\/3708\/revisions"}],"predecessor-version":[{"id":3712,"href":"https:\/\/elmetidosv.com\/index.php?rest_route=\/wp\/v2\/posts\/3708\/revisions\/3712"}],"wp:featuredmedia":[{"embeddable":true,"href":"https:\/\/elmetidosv.com\/index.php?rest_route=\/wp\/v2\/media\/3711"}],"wp:attachment":[{"href":"https:\/\/elmetidosv.com\/index.php?rest_route=%2Fwp%2Fv2%2Fmedia&parent=3708"}],"wp:term":[{"taxonomy":"category","embeddable":true,"href":"https:\/\/elmetidosv.com\/index.php?rest_route=%2Fwp%2Fv2%2Fcategories&post=3708"},{"taxonomy":"post_tag","embeddable":true,"href":"https:\/\/elmetidosv.com\/index.php?rest_route=%2Fwp%2Fv2%2Ftags&post=3708"}],"curies":[{"name":"wp","href":"https:\/\/api.w.org\/{rel}","templated":true}]}}