{"id":3689,"date":"2020-05-29T19:34:08","date_gmt":"2020-05-30T01:34:08","guid":{"rendered":"http:\/\/elmetidosve.com\/?p=3689"},"modified":"2020-05-29T19:34:14","modified_gmt":"2020-05-30T01:34:14","slug":"envian-a-cuarentena-a-salvadorenos-que-retornaron-al-pais-luego-de-visitar-guatemala-y-honduras","status":"publish","type":"post","link":"https:\/\/elmetidosv.com\/?p=3689","title":{"rendered":"Env\u00edan a cuarentena a salvadore\u00f1os que retornaron al pa\u00eds, luego de visitar Guatemala y Honduras"},"content":{"rendered":"\n<figure class=\"wp-block-gallery columns-3 is-cropped wp-block-gallery-1 is-layout-flex wp-block-gallery-is-layout-flex\"><ul class=\"blocks-gallery-grid\"><li class=\"blocks-gallery-item\"><figure><img loading=\"lazy\" decoding=\"async\" width=\"252\" height=\"360\" src=\"http:\/\/elmetidosve.com\/wp-content\/uploads\/2020\/05\/0000000000000000000000000000000000-169.jpg\" alt=\"\" data-id=\"3691\" data-full-url=\"http:\/\/elmetidosve.com\/wp-content\/uploads\/2020\/05\/0000000000000000000000000000000000-169.jpg\" data-link=\"http:\/\/elmetidosve.com\/?attachment_id=3691\" class=\"wp-image-3691\" srcset=\"https:\/\/elmetidosv.com\/wp-content\/uploads\/2020\/05\/0000000000000000000000000000000000-169.jpg 252w, https:\/\/elmetidosv.com\/wp-content\/uploads\/2020\/05\/0000000000000000000000000000000000-169-210x300.jpg 210w\" sizes=\"auto, (max-width: 252px) 100vw, 252px\" \/><\/figure><\/li><li class=\"blocks-gallery-item\"><figure><img loading=\"lazy\" decoding=\"async\" width=\"360\" height=\"237\" src=\"http:\/\/elmetidosve.com\/wp-content\/uploads\/2020\/05\/000000000000000000-202.jpg\" alt=\"\" data-id=\"3692\" data-full-url=\"http:\/\/elmetidosve.com\/wp-content\/uploads\/2020\/05\/000000000000000000-202.jpg\" data-link=\"http:\/\/elmetidosve.com\/?attachment_id=3692\" class=\"wp-image-3692\" srcset=\"https:\/\/elmetidosv.com\/wp-content\/uploads\/2020\/05\/000000000000000000-202.jpg 360w, https:\/\/elmetidosv.com\/wp-content\/uploads\/2020\/05\/000000000000000000-202-300x198.jpg 300w\" sizes=\"auto, (max-width: 360px) 100vw, 360px\" \/><\/figure><\/li><li class=\"blocks-gallery-item\"><figure><img loading=\"lazy\" decoding=\"async\" width=\"360\" height=\"250\" src=\"http:\/\/elmetidosve.com\/wp-content\/uploads\/2020\/05\/000000000000000-127.jpg\" alt=\"\" data-id=\"3693\" data-full-url=\"http:\/\/elmetidosve.com\/wp-content\/uploads\/2020\/05\/000000000000000-127.jpg\" data-link=\"http:\/\/elmetidosve.com\/?attachment_id=3693\" class=\"wp-image-3693\" srcset=\"https:\/\/elmetidosv.com\/wp-content\/uploads\/2020\/05\/000000000000000-127.jpg 360w, https:\/\/elmetidosv.com\/wp-content\/uploads\/2020\/05\/000000000000000-127-300x208.jpg 300w, https:\/\/elmetidosv.com\/wp-content\/uploads\/2020\/05\/000000000000000-127-130x90.jpg 130w\" sizes=\"auto, (max-width: 360px) 100vw, 360px\" \/><\/figure><\/li><li class=\"blocks-gallery-item\"><figure><img loading=\"lazy\" decoding=\"async\" width=\"360\" height=\"253\" src=\"http:\/\/elmetidosve.com\/wp-content\/uploads\/2020\/05\/0000-61.jpg\" alt=\"\" data-id=\"3694\" data-full-url=\"http:\/\/elmetidosve.com\/wp-content\/uploads\/2020\/05\/0000-61.jpg\" data-link=\"http:\/\/elmetidosve.com\/?attachment_id=3694\" class=\"wp-image-3694\" srcset=\"https:\/\/elmetidosv.com\/wp-content\/uploads\/2020\/05\/0000-61.jpg 360w, https:\/\/elmetidosv.com\/wp-content\/uploads\/2020\/05\/0000-61-300x211.jpg 300w, https:\/\/elmetidosv.com\/wp-content\/uploads\/2020\/05\/0000-61-130x90.jpg 130w\" sizes=\"auto, (max-width: 360px) 100vw, 360px\" \/><\/figure><\/li><\/ul><\/figure>\n\n\n\n<p>Salvadore\u00f1os que entran por los puntos fronterizos autorizados tras visitar Guatemala y Honduras, son enviados a cuarentena, inform\u00f3 este viernes la Direcci\u00f3n de Migraci\u00f3n y Extranjer\u00eda de El Salvador.<\/p>\n\n\n\n<p>Los ciudadanos son evaluados por personal del Ministerio de Salud asignado a estos lugares, los cuales no encuentran anomal\u00edas. Sin embargo como medida preventiva son enviados a centros de contenci\u00f3n.<\/p>\n\n\n\n<p>Las autoridades de Migraci\u00f3n y Extranjer\u00eda de El Salvador hacen el llamado a la poblaci\u00f3n que ingresen por los puntos fronterizos autorizados, y no hacerlo por puntos ciegos en el cual arriesgan sus vidas.<\/p>\n\n\n\n<p>Seg\u00fan el Centro de Coordinaci\u00f3n para la Prevenci\u00f3n de los Desastres en Centroam\u00e9rica y Rep\u00fablica Dominicana (CEPREDENAC) en Guatemala se contabilizan 4,348 casos.<\/p>\n\n\n\n<p>En Honduras la cifra de contagiados lleg\u00f3 a los 4,752 y de esta cifra han fallecido 196 personas y se han logrado recuperar 519, los cuales han dejado la Unidad de Cuidados Intensivos (UCI).<br><\/p>\n","protected":false},"excerpt":{"rendered":"<p>Salvadore\u00f1os que entran por los puntos fronterizos autorizados tras visitar Guatemala y Honduras, son enviados a cuarentena, inform\u00f3 este viernes<\/p>\n","protected":false},"author":1,"featured_media":3693,"comment_status":"open","ping_status":"open","sticky":false,"template":"","format":"standard","meta":{"colormag_page_container_layout":"default_layout","colormag_page_sidebar_layout":"default_layout","footnotes":""},"categories":[1],"tags":[],"class_list":["post-3689","post","type-post","status-publish","format-standard","has-post-thumbnail","hentry","category-nacional"],"_links":{"self":[{"href":"https:\/\/elmetidosv.com\/index.php?rest_route=\/wp\/v2\/posts\/3689","targetHints":{"allow":["GET"]}}],"collection":[{"href":"https:\/\/elmetidosv.com\/index.php?rest_route=\/wp\/v2\/posts"}],"about":[{"href":"https:\/\/elmetidosv.com\/index.php?rest_route=\/wp\/v2\/types\/post"}],"author":[{"embeddable":true,"href":"https:\/\/elmetidosv.com\/index.php?rest_route=\/wp\/v2\/users\/1"}],"replies":[{"embeddable":true,"href":"https:\/\/elmetidosv.com\/index.php?rest_route=%2Fwp%2Fv2%2Fcomments&post=3689"}],"version-history":[{"count":1,"href":"https:\/\/elmetidosv.com\/index.php?rest_route=\/wp\/v2\/posts\/3689\/revisions"}],"predecessor-version":[{"id":3695,"href":"https:\/\/elmetidosv.com\/index.php?rest_route=\/wp\/v2\/posts\/3689\/revisions\/3695"}],"wp:featuredmedia":[{"embeddable":true,"href":"https:\/\/elmetidosv.com\/index.php?rest_route=\/wp\/v2\/media\/3693"}],"wp:attachment":[{"href":"https:\/\/elmetidosv.com\/index.php?rest_route=%2Fwp%2Fv2%2Fmedia&parent=3689"}],"wp:term":[{"taxonomy":"category","embeddable":true,"href":"https:\/\/elmetidosv.com\/index.php?rest_route=%2Fwp%2Fv2%2Fcategories&post=3689"},{"taxonomy":"post_tag","embeddable":true,"href":"https:\/\/elmetidosv.com\/index.php?rest_route=%2Fwp%2Fv2%2Ftags&post=3689"}],"curies":[{"name":"wp","href":"https:\/\/api.w.org\/{rel}","templated":true}]}}