{"id":3641,"date":"2020-05-29T12:42:28","date_gmt":"2020-05-29T18:42:28","guid":{"rendered":"http:\/\/elmetidosve.com\/?p=3641"},"modified":"2020-05-29T12:42:35","modified_gmt":"2020-05-29T18:42:35","slug":"salud-reporta-tres-fallecidos-mas-por-covid-19-en-el-salvador","status":"publish","type":"post","link":"https:\/\/elmetidosv.com\/?p=3641","title":{"rendered":"Salud reporta tres fallecidos m\u00e1s por COVID-19 en El Salvador"},"content":{"rendered":"\n<p>Tres personas m\u00e1s fallecieron por coronavirus COVID-19 en El Salvador en las \u00faltimas 24 horas, inform\u00f3 el Ministerio de Salud (MINSAL).<\/p>\n\n\n\n<p>Autoridades indicaron que se trata de dos hombres, uno mayor de 60 a\u00f1os de edad y el otro mayor a 40 a\u00f1os; mientras que la mujer tambi\u00e9n mayor de 60 a\u00f1os.<\/p>\n\n\n\n<p>\u201cSe cumpli\u00f3 todo el protocolo m\u00e9dico. Expresamos nuestras condolencias a la familia\u201d, dijo el MINSAL por medio de sus redes sociales.<\/p>\n\n\n\n<p>De acuerdo con el Gobierno, que informa cifras oficiales a trav\u00e9s del sitio covid19.gob.sv, El Salvador contabiliza en total 42 decesos por coronavirus.<\/p>\n\n\n\n<p>Hasta el momento el pa\u00eds registra dos mil 278 casos de COVID-19, cifra en la que se incluyen los fallecimientos,  mil 15 pacientes recuperados, 604 casos de personas asintom\u00e1ticas, 304 en condici\u00f3n estable, 191 moderados, 92 con una condici\u00f3n de salud grave y 30 en estado cr\u00edtico.<\/p>\n","protected":false},"excerpt":{"rendered":"<p>Tres personas m\u00e1s fallecieron por coronavirus COVID-19 en El Salvador en las \u00faltimas 24 horas, inform\u00f3 el Ministerio de Salud<\/p>\n","protected":false},"author":1,"featured_media":3642,"comment_status":"open","ping_status":"open","sticky":false,"template":"","format":"standard","meta":{"colormag_page_container_layout":"default_layout","colormag_page_sidebar_layout":"default_layout","footnotes":""},"categories":[1],"tags":[],"class_list":["post-3641","post","type-post","status-publish","format-standard","has-post-thumbnail","hentry","category-nacional"],"_links":{"self":[{"href":"https:\/\/elmetidosv.com\/index.php?rest_route=\/wp\/v2\/posts\/3641","targetHints":{"allow":["GET"]}}],"collection":[{"href":"https:\/\/elmetidosv.com\/index.php?rest_route=\/wp\/v2\/posts"}],"about":[{"href":"https:\/\/elmetidosv.com\/index.php?rest_route=\/wp\/v2\/types\/post"}],"author":[{"embeddable":true,"href":"https:\/\/elmetidosv.com\/index.php?rest_route=\/wp\/v2\/users\/1"}],"replies":[{"embeddable":true,"href":"https:\/\/elmetidosv.com\/index.php?rest_route=%2Fwp%2Fv2%2Fcomments&post=3641"}],"version-history":[{"count":1,"href":"https:\/\/elmetidosv.com\/index.php?rest_route=\/wp\/v2\/posts\/3641\/revisions"}],"predecessor-version":[{"id":3643,"href":"https:\/\/elmetidosv.com\/index.php?rest_route=\/wp\/v2\/posts\/3641\/revisions\/3643"}],"wp:featuredmedia":[{"embeddable":true,"href":"https:\/\/elmetidosv.com\/index.php?rest_route=\/wp\/v2\/media\/3642"}],"wp:attachment":[{"href":"https:\/\/elmetidosv.com\/index.php?rest_route=%2Fwp%2Fv2%2Fmedia&parent=3641"}],"wp:term":[{"taxonomy":"category","embeddable":true,"href":"https:\/\/elmetidosv.com\/index.php?rest_route=%2Fwp%2Fv2%2Fcategories&post=3641"},{"taxonomy":"post_tag","embeddable":true,"href":"https:\/\/elmetidosv.com\/index.php?rest_route=%2Fwp%2Fv2%2Ftags&post=3641"}],"curies":[{"name":"wp","href":"https:\/\/api.w.org\/{rel}","templated":true}]}}