{"id":3540,"date":"2020-05-27T12:52:01","date_gmt":"2020-05-27T18:52:01","guid":{"rendered":"http:\/\/elmetidosve.com\/?p=3540"},"modified":"2020-05-27T12:52:08","modified_gmt":"2020-05-27T18:52:08","slug":"internos-realizan-jornada-de-limpieza-en-sistema-penitenciario-para-prevenir-el-covid-19","status":"publish","type":"post","link":"https:\/\/elmetidosv.com\/?p=3540","title":{"rendered":"Internos realizan jornada de limpieza en sistema penitenciario para prevenir el COVID-19"},"content":{"rendered":"\n<figure class=\"wp-block-gallery columns-3 is-cropped wp-block-gallery-1 is-layout-flex wp-block-gallery-is-layout-flex\"><ul class=\"blocks-gallery-grid\"><li class=\"blocks-gallery-item\"><figure><img loading=\"lazy\" decoding=\"async\" width=\"314\" height=\"360\" src=\"http:\/\/elmetidosve.com\/wp-content\/uploads\/2020\/05\/0000000000000000000000000000000000-148.jpg\" alt=\"\" data-id=\"3541\" data-full-url=\"http:\/\/elmetidosve.com\/wp-content\/uploads\/2020\/05\/0000000000000000000000000000000000-148.jpg\" data-link=\"http:\/\/elmetidosve.com\/?attachment_id=3541\" class=\"wp-image-3541\" srcset=\"https:\/\/elmetidosv.com\/wp-content\/uploads\/2020\/05\/0000000000000000000000000000000000-148.jpg 314w, https:\/\/elmetidosv.com\/wp-content\/uploads\/2020\/05\/0000000000000000000000000000000000-148-262x300.jpg 262w\" sizes=\"auto, (max-width: 314px) 100vw, 314px\" \/><\/figure><\/li><li class=\"blocks-gallery-item\"><figure><img loading=\"lazy\" decoding=\"async\" width=\"293\" height=\"360\" src=\"http:\/\/elmetidosve.com\/wp-content\/uploads\/2020\/05\/000000000000000000-179.jpg\" alt=\"\" data-id=\"3542\" data-full-url=\"http:\/\/elmetidosve.com\/wp-content\/uploads\/2020\/05\/000000000000000000-179.jpg\" data-link=\"http:\/\/elmetidosve.com\/?attachment_id=3542\" class=\"wp-image-3542\" srcset=\"https:\/\/elmetidosv.com\/wp-content\/uploads\/2020\/05\/000000000000000000-179.jpg 293w, https:\/\/elmetidosv.com\/wp-content\/uploads\/2020\/05\/000000000000000000-179-244x300.jpg 244w\" sizes=\"auto, (max-width: 293px) 100vw, 293px\" \/><\/figure><\/li><li class=\"blocks-gallery-item\"><figure><img loading=\"lazy\" decoding=\"async\" width=\"408\" height=\"680\" src=\"http:\/\/elmetidosve.com\/wp-content\/uploads\/2020\/05\/000000000000000-111.jpg\" alt=\"\" data-id=\"3543\" data-full-url=\"http:\/\/elmetidosve.com\/wp-content\/uploads\/2020\/05\/000000000000000-111.jpg\" data-link=\"http:\/\/elmetidosve.com\/?attachment_id=3543\" class=\"wp-image-3543\" srcset=\"https:\/\/elmetidosv.com\/wp-content\/uploads\/2020\/05\/000000000000000-111.jpg 408w, https:\/\/elmetidosv.com\/wp-content\/uploads\/2020\/05\/000000000000000-111-180x300.jpg 180w\" sizes=\"auto, (max-width: 408px) 100vw, 408px\" \/><\/figure><\/li><\/ul><\/figure>\n\n\n\n<p>Internos del Centro Penal de Jucuapa en el departamento de Usulut\u00e1n, realizaron este mi\u00e9rcoles una jornada de limpieza para prevenir casos de coronavirus o COVID-19, inform\u00f3 la Direcci\u00f3n General de Centros Penales (DGCP).<\/p>\n\n\n\n<p>Adem\u00e1s, se toma la temperatura al personal que labora en cada centro penal y se le ha brindado mascarillas,caretas y guantes mientras se encuentren en dicho para protegerse del virus.<\/p>\n\n\n\n<p>Tambi\u00e9n explicaron las autoridades que los autom\u00f3viles que ingresan a los centros penales son desinfectados para eliminar el coronavirus que ya se encuentra en todo el pa\u00eds.<\/p>\n\n\n\n<p>Seg\u00fan la autoridades de Salud, el cumplimiento de la cuarentena domiciliar, el uso de mascarillas como de guantes y el distanciamiento social son las medidas m\u00e1s efectivas para protegerse del COVID-19.<\/p>\n\n\n\n<p>Adem\u00e1s, en el pa\u00eds se han recuperado 873 personas que ya vencieron esta enfermedad, los cuales ya dejaron la Unidad de Cuidados Intensivos (UCI) de la red p\u00fablica hospitalaria.<\/p>\n","protected":false},"excerpt":{"rendered":"<p>Internos del Centro Penal de Jucuapa en el departamento de Usulut\u00e1n, realizaron este mi\u00e9rcoles una jornada de limpieza para prevenir<\/p>\n","protected":false},"author":1,"featured_media":3541,"comment_status":"open","ping_status":"open","sticky":false,"template":"","format":"standard","meta":{"colormag_page_container_layout":"default_layout","colormag_page_sidebar_layout":"default_layout","footnotes":""},"categories":[1],"tags":[],"class_list":["post-3540","post","type-post","status-publish","format-standard","has-post-thumbnail","hentry","category-nacional"],"_links":{"self":[{"href":"https:\/\/elmetidosv.com\/index.php?rest_route=\/wp\/v2\/posts\/3540","targetHints":{"allow":["GET"]}}],"collection":[{"href":"https:\/\/elmetidosv.com\/index.php?rest_route=\/wp\/v2\/posts"}],"about":[{"href":"https:\/\/elmetidosv.com\/index.php?rest_route=\/wp\/v2\/types\/post"}],"author":[{"embeddable":true,"href":"https:\/\/elmetidosv.com\/index.php?rest_route=\/wp\/v2\/users\/1"}],"replies":[{"embeddable":true,"href":"https:\/\/elmetidosv.com\/index.php?rest_route=%2Fwp%2Fv2%2Fcomments&post=3540"}],"version-history":[{"count":1,"href":"https:\/\/elmetidosv.com\/index.php?rest_route=\/wp\/v2\/posts\/3540\/revisions"}],"predecessor-version":[{"id":3544,"href":"https:\/\/elmetidosv.com\/index.php?rest_route=\/wp\/v2\/posts\/3540\/revisions\/3544"}],"wp:featuredmedia":[{"embeddable":true,"href":"https:\/\/elmetidosv.com\/index.php?rest_route=\/wp\/v2\/media\/3541"}],"wp:attachment":[{"href":"https:\/\/elmetidosv.com\/index.php?rest_route=%2Fwp%2Fv2%2Fmedia&parent=3540"}],"wp:term":[{"taxonomy":"category","embeddable":true,"href":"https:\/\/elmetidosv.com\/index.php?rest_route=%2Fwp%2Fv2%2Fcategories&post=3540"},{"taxonomy":"post_tag","embeddable":true,"href":"https:\/\/elmetidosv.com\/index.php?rest_route=%2Fwp%2Fv2%2Ftags&post=3540"}],"curies":[{"name":"wp","href":"https:\/\/api.w.org\/{rel}","templated":true}]}}