{"id":3465,"date":"2020-05-26T12:08:35","date_gmt":"2020-05-26T18:08:35","guid":{"rendered":"http:\/\/elmetidosve.com\/?p=3465"},"modified":"2020-05-26T12:08:41","modified_gmt":"2020-05-26T18:08:41","slug":"25-pacientes-reciben-alta-medica-tras-superar-el-covid-19-en-nuevo-hospital-de-tecoluca","status":"publish","type":"post","link":"https:\/\/elmetidosv.com\/?p=3465","title":{"rendered":"25 pacientes reciben alta m\u00e9dica tras superar el COVID-19 en nuevo hospital de Tecoluca"},"content":{"rendered":"\n<figure class=\"wp-block-gallery columns-2 is-cropped wp-block-gallery-1 is-layout-flex wp-block-gallery-is-layout-flex\"><ul class=\"blocks-gallery-grid\"><li class=\"blocks-gallery-item\"><figure><img loading=\"lazy\" decoding=\"async\" width=\"680\" height=\"453\" src=\"http:\/\/elmetidosve.com\/wp-content\/uploads\/2020\/05\/0000000000000000000000000000000000-137.jpg\" alt=\"\" data-id=\"3466\" data-full-url=\"http:\/\/elmetidosve.com\/wp-content\/uploads\/2020\/05\/0000000000000000000000000000000000-137.jpg\" data-link=\"http:\/\/elmetidosve.com\/?attachment_id=3466\" class=\"wp-image-3466\" srcset=\"https:\/\/elmetidosv.com\/wp-content\/uploads\/2020\/05\/0000000000000000000000000000000000-137.jpg 680w, https:\/\/elmetidosv.com\/wp-content\/uploads\/2020\/05\/0000000000000000000000000000000000-137-300x200.jpg 300w\" sizes=\"auto, (max-width: 680px) 100vw, 680px\" \/><\/figure><\/li><li class=\"blocks-gallery-item\"><figure><img loading=\"lazy\" decoding=\"async\" width=\"958\" height=\"455\" src=\"http:\/\/elmetidosve.com\/wp-content\/uploads\/2020\/05\/000000000000000000-167.jpg\" alt=\"\" data-id=\"3467\" data-full-url=\"http:\/\/elmetidosve.com\/wp-content\/uploads\/2020\/05\/000000000000000000-167.jpg\" data-link=\"http:\/\/elmetidosve.com\/?attachment_id=3467\" class=\"wp-image-3467\" srcset=\"https:\/\/elmetidosv.com\/wp-content\/uploads\/2020\/05\/000000000000000000-167.jpg 958w, https:\/\/elmetidosv.com\/wp-content\/uploads\/2020\/05\/000000000000000000-167-300x142.jpg 300w, https:\/\/elmetidosv.com\/wp-content\/uploads\/2020\/05\/000000000000000000-167-768x365.jpg 768w\" sizes=\"auto, (max-width: 958px) 100vw, 958px\" \/><\/figure><\/li><\/ul><\/figure>\n\n\n\n<p>Un grupo de 25 salvadore\u00f1os fue despachado este lunes luego de superar el Covid-19 en el nuevo hospital del municipio de Tecoluca, San Vicente.<\/p>\n\n\n\n<p>Esta tarde, los pacientes que fueron dados de alta salieron rumbo a sus hogares tras recuperarse de la enfermedad y dar negativo a sus \u00faltimas pruebas de coronavirus.<\/p>\n\n\n\n<p>\u201cTenemos la bendici\u00f3n de darle alta a 25 personas; son 13 hombres y 12 mujeres con un rango de edades entre los 19 y 45 a\u00f1os\u201d, asegur\u00f3 el director del hospital temporal, William C\u00f3rdova.<\/p>\n\n\n\n<p>Los 25 pacientes que este lunes recibieron el alta en el hospital temporal de Tecoluca, San Vicente, \u201cest\u00e1n curados, ingresaron con su primer resultado positivo\u201d, explic\u00f3 el funcionario.<\/p>\n\n\n\n<p>\u201cLa enfermedad existe. Qu\u00e9date en casa\u201d, recomend\u00f3 el director del centro m\u00e9dico, quien este lunes autoriz\u00f3 el alta m\u00e9dica para 25 pacientes recuperados de Covid-19.<\/p>\n","protected":false},"excerpt":{"rendered":"<p>Un grupo de 25 salvadore\u00f1os fue despachado este lunes luego de superar el Covid-19 en el nuevo hospital del municipio<\/p>\n","protected":false},"author":1,"featured_media":3466,"comment_status":"open","ping_status":"open","sticky":false,"template":"","format":"standard","meta":{"colormag_page_container_layout":"default_layout","colormag_page_sidebar_layout":"default_layout","footnotes":""},"categories":[1],"tags":[],"class_list":["post-3465","post","type-post","status-publish","format-standard","has-post-thumbnail","hentry","category-nacional"],"_links":{"self":[{"href":"https:\/\/elmetidosv.com\/index.php?rest_route=\/wp\/v2\/posts\/3465","targetHints":{"allow":["GET"]}}],"collection":[{"href":"https:\/\/elmetidosv.com\/index.php?rest_route=\/wp\/v2\/posts"}],"about":[{"href":"https:\/\/elmetidosv.com\/index.php?rest_route=\/wp\/v2\/types\/post"}],"author":[{"embeddable":true,"href":"https:\/\/elmetidosv.com\/index.php?rest_route=\/wp\/v2\/users\/1"}],"replies":[{"embeddable":true,"href":"https:\/\/elmetidosv.com\/index.php?rest_route=%2Fwp%2Fv2%2Fcomments&post=3465"}],"version-history":[{"count":1,"href":"https:\/\/elmetidosv.com\/index.php?rest_route=\/wp\/v2\/posts\/3465\/revisions"}],"predecessor-version":[{"id":3468,"href":"https:\/\/elmetidosv.com\/index.php?rest_route=\/wp\/v2\/posts\/3465\/revisions\/3468"}],"wp:featuredmedia":[{"embeddable":true,"href":"https:\/\/elmetidosv.com\/index.php?rest_route=\/wp\/v2\/media\/3466"}],"wp:attachment":[{"href":"https:\/\/elmetidosv.com\/index.php?rest_route=%2Fwp%2Fv2%2Fmedia&parent=3465"}],"wp:term":[{"taxonomy":"category","embeddable":true,"href":"https:\/\/elmetidosv.com\/index.php?rest_route=%2Fwp%2Fv2%2Fcategories&post=3465"},{"taxonomy":"post_tag","embeddable":true,"href":"https:\/\/elmetidosv.com\/index.php?rest_route=%2Fwp%2Fv2%2Ftags&post=3465"}],"curies":[{"name":"wp","href":"https:\/\/api.w.org\/{rel}","templated":true}]}}