{"id":3396,"date":"2020-05-23T13:03:42","date_gmt":"2020-05-23T19:03:42","guid":{"rendered":"http:\/\/elmetidosve.com\/?p=3396"},"modified":"2020-05-23T13:03:48","modified_gmt":"2020-05-23T19:03:48","slug":"africa-se-enfrenta-a-un-triple-desastre-el-covid-19-inundaciones-y-una-plaga-de-langostas","status":"publish","type":"post","link":"https:\/\/elmetidosv.com\/?p=3396","title":{"rendered":"\u00c1frica se enfrenta a un \u00abtriple desastre\u00bb: el covid-19, inundaciones y una plaga de langostas"},"content":{"rendered":"\n<p>Las organizaciones internacionales alertan sobre una situaci\u00f3n humanitaria \u00abexcepcionalmente compleja\u00bb y \u00absin precedentes\u00bb en la regi\u00f3n, que puede llevar a unas consecuencias muy graves para su poblaci\u00f3n.<\/p>\n\n\n\n<p>\u00c1frica Oriental est\u00e1 sufriendo las consecuencias de una serie de desastres naturales que amenazan con aumentar el riesgo de propagaci\u00f3n del nuevo coronavirus, advirti\u00f3 esta semana la Federaci\u00f3n Internacional de Sociedades de la Cruz Roja y de la Media Luna Roja (IFRC, por sus siglas en ingl\u00e9s).<\/p>\n\n\n\n<p>Adem\u00e1s del covid-19, otro elemento de este \u00abtriple desastre\u00bb han sido las intensas lluvias que castigan a la regi\u00f3n durante esta primavera y que causaron inundaciones y corrimientos de tierras en Etiop\u00eda, Kenia, Somalia, Ruanda y Tanzania, matado a unas 300 personas y forzando al desplazamiento de m\u00e1s de medio mill\u00f3n.<\/p>\n\n\n\n<p>\u00abNos enfrentamos a una situaci\u00f3n humanitaria excepcionalmente compleja. Nos preocupa que el n\u00famero de personas que padecen hambre y est\u00e1n enfermas aumente en las pr\u00f3ximas semanas a medida que las inundaciones y el covid-19 sigan afectando gravemente la capacidad de resistir de muchas familias en la regi\u00f3n\u00bb, se\u00f1al\u00f3 el director regional de la IFRC para \u00c1frica, Simon Missiri.<\/p>\n\n\n\n<p>La subida del agua ha dejado a miles de personas sin hogar. Muchas de las que se han visto desplazadas ahora tienen que buscar refugio en centros de alojamiento temporal donde no es f\u00e1cil, o incluso imposible, mantener el distanciamiento f\u00edsico.<\/p>\n\n\n\n<p>La peor crisis de langostas en los \u00faltimos 25 a\u00f1os<\/p>\n\n\n\n<p>Por otra parte, las inundaciones complicaron las operaciones destinadas a controlar la plaga de langostas que se origin\u00f3 en el Cuerno de \u00c1frica y que es considerada la peor crisis en los \u00faltimos 25 a\u00f1os.<\/p>\n\n\n\n<p>\u00abLa expansi\u00f3n de la crisis, que tiene el potencial de convertirse en una plaga regional, representa una amenaza sin precedentes para la seguridad alimentaria y los medios de vida en la regi\u00f3n y podr\u00eda generar m\u00e1s sufrimiento, desplazamiento y posibles conflictos\u00bb, alerta la Organizaci\u00f3n de las Naciones Unidas para la Alimentaci\u00f3n y la Agricultura (FAO, por sus siglas en ingl\u00e9s).<\/p>\n\n\n\n<p>La instituci\u00f3n advierte que la situaci\u00f3n es especialmente alarmante en Etiop\u00eda, Kenia y Somalia, donde se ha registrado una reproducci\u00f3n masiva de los insectos y est\u00e1n comenzando a formarse nuevos enjambres.<\/p>\n\n\n\n<p>Seg\u00fan la FAO, esto pone en peligro el comienzo de la temporada de cultivo y representa una amenaza sin precedentes para los medios de subsistencia en una regi\u00f3n extremadamente vulnerable, donde m\u00e1s de 20 millones de personas ya est\u00e1n haciendo frente a una grave inseguridad alimentaria.<\/p>\n","protected":false},"excerpt":{"rendered":"<p>Las organizaciones internacionales alertan sobre una situaci\u00f3n humanitaria \u00abexcepcionalmente compleja\u00bb y \u00absin precedentes\u00bb en la regi\u00f3n, que puede llevar a<\/p>\n","protected":false},"author":1,"featured_media":3397,"comment_status":"open","ping_status":"open","sticky":false,"template":"","format":"standard","meta":{"colormag_page_container_layout":"default_layout","colormag_page_sidebar_layout":"default_layout","footnotes":""},"categories":[1],"tags":[],"class_list":["post-3396","post","type-post","status-publish","format-standard","has-post-thumbnail","hentry","category-nacional"],"_links":{"self":[{"href":"https:\/\/elmetidosv.com\/index.php?rest_route=\/wp\/v2\/posts\/3396","targetHints":{"allow":["GET"]}}],"collection":[{"href":"https:\/\/elmetidosv.com\/index.php?rest_route=\/wp\/v2\/posts"}],"about":[{"href":"https:\/\/elmetidosv.com\/index.php?rest_route=\/wp\/v2\/types\/post"}],"author":[{"embeddable":true,"href":"https:\/\/elmetidosv.com\/index.php?rest_route=\/wp\/v2\/users\/1"}],"replies":[{"embeddable":true,"href":"https:\/\/elmetidosv.com\/index.php?rest_route=%2Fwp%2Fv2%2Fcomments&post=3396"}],"version-history":[{"count":1,"href":"https:\/\/elmetidosv.com\/index.php?rest_route=\/wp\/v2\/posts\/3396\/revisions"}],"predecessor-version":[{"id":3398,"href":"https:\/\/elmetidosv.com\/index.php?rest_route=\/wp\/v2\/posts\/3396\/revisions\/3398"}],"wp:featuredmedia":[{"embeddable":true,"href":"https:\/\/elmetidosv.com\/index.php?rest_route=\/wp\/v2\/media\/3397"}],"wp:attachment":[{"href":"https:\/\/elmetidosv.com\/index.php?rest_route=%2Fwp%2Fv2%2Fmedia&parent=3396"}],"wp:term":[{"taxonomy":"category","embeddable":true,"href":"https:\/\/elmetidosv.com\/index.php?rest_route=%2Fwp%2Fv2%2Fcategories&post=3396"},{"taxonomy":"post_tag","embeddable":true,"href":"https:\/\/elmetidosv.com\/index.php?rest_route=%2Fwp%2Fv2%2Ftags&post=3396"}],"curies":[{"name":"wp","href":"https:\/\/api.w.org\/{rel}","templated":true}]}}