{"id":3388,"date":"2020-05-23T12:54:17","date_gmt":"2020-05-23T18:54:17","guid":{"rendered":"http:\/\/elmetidosve.com\/?p=3388"},"modified":"2020-05-23T12:54:24","modified_gmt":"2020-05-23T18:54:24","slug":"gobierno-continua-con-los-esfuerzos-en-la-distribucion-de-paquetes-alimentarios-en-todo-el-pais","status":"publish","type":"post","link":"https:\/\/elmetidosv.com\/?p=3388","title":{"rendered":"Gobierno contin\u00faa con los esfuerzos en la distribuci\u00f3n de paquetes alimentarios en todo el pa\u00eds"},"content":{"rendered":"\n<figure class=\"wp-block-gallery columns-3 is-cropped wp-block-gallery-1 is-layout-flex wp-block-gallery-is-layout-flex\"><ul class=\"blocks-gallery-grid\"><li class=\"blocks-gallery-item\"><figure><img loading=\"lazy\" decoding=\"async\" width=\"1024\" height=\"682\" src=\"http:\/\/elmetidosve.com\/wp-content\/uploads\/2020\/05\/000000000000000-93-1024x682.jpg\" alt=\"\" data-id=\"3389\" data-full-url=\"http:\/\/elmetidosve.com\/wp-content\/uploads\/2020\/05\/000000000000000-93.jpg\" data-link=\"http:\/\/elmetidosve.com\/?attachment_id=3389\" class=\"wp-image-3389\" srcset=\"https:\/\/elmetidosv.com\/wp-content\/uploads\/2020\/05\/000000000000000-93-1024x682.jpg 1024w, https:\/\/elmetidosv.com\/wp-content\/uploads\/2020\/05\/000000000000000-93-300x200.jpg 300w, https:\/\/elmetidosv.com\/wp-content\/uploads\/2020\/05\/000000000000000-93-768x512.jpg 768w, https:\/\/elmetidosv.com\/wp-content\/uploads\/2020\/05\/000000000000000-93.jpg 1280w\" sizes=\"auto, (max-width: 1024px) 100vw, 1024px\" \/><\/figure><\/li><li class=\"blocks-gallery-item\"><figure><img loading=\"lazy\" decoding=\"async\" width=\"1024\" height=\"683\" src=\"http:\/\/elmetidosve.com\/wp-content\/uploads\/2020\/05\/0000-47.jpg\" alt=\"\" data-id=\"3390\" data-full-url=\"http:\/\/elmetidosve.com\/wp-content\/uploads\/2020\/05\/0000-47.jpg\" data-link=\"http:\/\/elmetidosve.com\/?attachment_id=3390\" class=\"wp-image-3390\" srcset=\"https:\/\/elmetidosv.com\/wp-content\/uploads\/2020\/05\/0000-47.jpg 1024w, https:\/\/elmetidosv.com\/wp-content\/uploads\/2020\/05\/0000-47-300x200.jpg 300w, https:\/\/elmetidosv.com\/wp-content\/uploads\/2020\/05\/0000-47-768x512.jpg 768w\" sizes=\"auto, (max-width: 1024px) 100vw, 1024px\" \/><\/figure><\/li><li class=\"blocks-gallery-item\"><figure><img loading=\"lazy\" decoding=\"async\" width=\"1024\" height=\"683\" src=\"http:\/\/elmetidosve.com\/wp-content\/uploads\/2020\/05\/000-18.jpg\" alt=\"\" data-id=\"3391\" data-full-url=\"http:\/\/elmetidosve.com\/wp-content\/uploads\/2020\/05\/000-18.jpg\" data-link=\"http:\/\/elmetidosve.com\/?attachment_id=3391\" class=\"wp-image-3391\" srcset=\"https:\/\/elmetidosv.com\/wp-content\/uploads\/2020\/05\/000-18.jpg 1024w, https:\/\/elmetidosv.com\/wp-content\/uploads\/2020\/05\/000-18-300x200.jpg 300w, https:\/\/elmetidosv.com\/wp-content\/uploads\/2020\/05\/000-18-768x512.jpg 768w\" sizes=\"auto, (max-width: 1024px) 100vw, 1024px\" \/><\/figure><\/li><\/ul><\/figure>\n\n\n\n<p>Con el objetivo de garantizar la alimentaci\u00f3n de las familias m\u00e1s afectadas por la pandemia del coronavirus, las autoridades del Gobierno contin\u00faan este s\u00e1bado con la entrega de paquetes alimentarios en diferentes rincones del pa\u00eds.<\/p>\n\n\n\n<p>Este s\u00e1bado, personal del Fondo de Conservaci\u00f3n Vial de El Salvador (FOVIALITO), entregan a familias de escasos recursos del municipio del Carmen, del departamento de Cuscatl\u00e1n, los paquetes alimentarios como beneficio ante la emergencia a consecuencia del coronavirus.<\/p>\n\n\n\n<p>Adem\u00e1s, desde tempranas horas de este d\u00eda, el personal de ETESAL en coordinaci\u00f3n con varias instituciones p\u00fablicas, entregaron paquetes alimentarios en los municipios de El Porvenir y San Antonio Pajonal, del departamento de Santa Ana.<\/p>\n\n\n\n<p>Asimismo, &nbsp;la Fuerza Naval de El Salvador, realizaron este d\u00eda la log\u00edstica para dirigirse a las islas del departamento de La Uni\u00f3n, para beneficiar con la entrega de paquetes a familias afectadas durante este emergencia.<\/p>\n\n\n\n<p>Con este importante donativo que realiza el Gobierno del Presidente de la Rep\u00fablica, Nayib Bukele, a las familias salvadore\u00f1as, contribuir\u00e1 a solventar parte los gastos alimenticios durante la&nbsp; nueva cuarentena especial.<br><\/p>\n","protected":false},"excerpt":{"rendered":"<p>Con el objetivo de garantizar la alimentaci\u00f3n de las familias m\u00e1s afectadas por la pandemia del coronavirus, las autoridades del<\/p>\n","protected":false},"author":1,"featured_media":3390,"comment_status":"open","ping_status":"open","sticky":false,"template":"","format":"standard","meta":{"colormag_page_container_layout":"default_layout","colormag_page_sidebar_layout":"default_layout","footnotes":""},"categories":[1],"tags":[],"class_list":["post-3388","post","type-post","status-publish","format-standard","has-post-thumbnail","hentry","category-nacional"],"_links":{"self":[{"href":"https:\/\/elmetidosv.com\/index.php?rest_route=\/wp\/v2\/posts\/3388","targetHints":{"allow":["GET"]}}],"collection":[{"href":"https:\/\/elmetidosv.com\/index.php?rest_route=\/wp\/v2\/posts"}],"about":[{"href":"https:\/\/elmetidosv.com\/index.php?rest_route=\/wp\/v2\/types\/post"}],"author":[{"embeddable":true,"href":"https:\/\/elmetidosv.com\/index.php?rest_route=\/wp\/v2\/users\/1"}],"replies":[{"embeddable":true,"href":"https:\/\/elmetidosv.com\/index.php?rest_route=%2Fwp%2Fv2%2Fcomments&post=3388"}],"version-history":[{"count":1,"href":"https:\/\/elmetidosv.com\/index.php?rest_route=\/wp\/v2\/posts\/3388\/revisions"}],"predecessor-version":[{"id":3392,"href":"https:\/\/elmetidosv.com\/index.php?rest_route=\/wp\/v2\/posts\/3388\/revisions\/3392"}],"wp:featuredmedia":[{"embeddable":true,"href":"https:\/\/elmetidosv.com\/index.php?rest_route=\/wp\/v2\/media\/3390"}],"wp:attachment":[{"href":"https:\/\/elmetidosv.com\/index.php?rest_route=%2Fwp%2Fv2%2Fmedia&parent=3388"}],"wp:term":[{"taxonomy":"category","embeddable":true,"href":"https:\/\/elmetidosv.com\/index.php?rest_route=%2Fwp%2Fv2%2Fcategories&post=3388"},{"taxonomy":"post_tag","embeddable":true,"href":"https:\/\/elmetidosv.com\/index.php?rest_route=%2Fwp%2Fv2%2Ftags&post=3388"}],"curies":[{"name":"wp","href":"https:\/\/api.w.org\/{rel}","templated":true}]}}