{"id":3331,"date":"2020-05-22T12:32:00","date_gmt":"2020-05-22T18:32:00","guid":{"rendered":"http:\/\/elmetidosve.com\/?p=3331"},"modified":"2020-05-22T12:32:07","modified_gmt":"2020-05-22T18:32:07","slug":"presidente-bukele-decreta-el-proximo-domingo-como-dia-nacional-de-oracion","status":"publish","type":"post","link":"https:\/\/elmetidosv.com\/?p=3331","title":{"rendered":"Presidente Bukele decreta el pr\u00f3ximo domingo como D\u00eda Nacional de Oraci\u00f3n"},"content":{"rendered":"\n<figure class=\"wp-block-gallery columns-2 is-cropped wp-block-gallery-1 is-layout-flex wp-block-gallery-is-layout-flex\"><ul class=\"blocks-gallery-grid\"><li class=\"blocks-gallery-item\"><figure><img loading=\"lazy\" decoding=\"async\" width=\"400\" height=\"600\" src=\"http:\/\/elmetidosve.com\/wp-content\/uploads\/2020\/05\/0000000000000000000000000000000000-113.jpg\" alt=\"\" data-id=\"3332\" data-full-url=\"http:\/\/elmetidosve.com\/wp-content\/uploads\/2020\/05\/0000000000000000000000000000000000-113.jpg\" data-link=\"http:\/\/elmetidosve.com\/?attachment_id=3332\" class=\"wp-image-3332\" srcset=\"https:\/\/elmetidosv.com\/wp-content\/uploads\/2020\/05\/0000000000000000000000000000000000-113.jpg 400w, https:\/\/elmetidosv.com\/wp-content\/uploads\/2020\/05\/0000000000000000000000000000000000-113-200x300.jpg 200w\" sizes=\"auto, (max-width: 400px) 100vw, 400px\" \/><\/figure><\/li><li class=\"blocks-gallery-item\"><figure><img loading=\"lazy\" decoding=\"async\" width=\"403\" height=\"597\" src=\"http:\/\/elmetidosve.com\/wp-content\/uploads\/2020\/05\/000000000000000000-144.jpg\" alt=\"\" data-id=\"3333\" data-full-url=\"http:\/\/elmetidosve.com\/wp-content\/uploads\/2020\/05\/000000000000000000-144.jpg\" data-link=\"http:\/\/elmetidosve.com\/?attachment_id=3333\" class=\"wp-image-3333\" srcset=\"https:\/\/elmetidosv.com\/wp-content\/uploads\/2020\/05\/000000000000000000-144.jpg 403w, https:\/\/elmetidosv.com\/wp-content\/uploads\/2020\/05\/000000000000000000-144-203x300.jpg 203w\" sizes=\"auto, (max-width: 403px) 100vw, 403px\" \/><\/figure><\/li><\/ul><\/figure>\n\n\n\n<p>El presidente de la Rep\u00fablica, Nayib Bukele, anunci\u00f3 durante la noche del jueves que el pr\u00f3ximo domingo 24 de mayo ser\u00e1 el D\u00eda Nacional de la Oraci\u00f3n.<\/p>\n\n\n\n<p>El mandatario sostuvo que \u201ceste es un Decreto Presidencial, publicado en el Diario Oficial. Su vigencia es legal y en todo el territorio nacional\u201d.<\/p>\n\n\n\n<p>Aunque, aclar\u00f3 que \u201ces de cumplimiento voluntario, como toda verdadera oraci\u00f3n. Oremos todos los creyentes, este domingo, a las 2pm. Para que Dios sane nuestra tierra y nos permita vencer a la pandemia que est\u00e1 golpeando al mundo entero\u201d.<\/p>\n\n\n\n<p>El presidente Bukele ha motivado en repetidas ocasiones a elevar oraciones por nuestro pa\u00eds y para pedir por protecci\u00f3n ante la pandemia del coronavirus.<\/p>\n\n\n\n<p>El decreto aprobado tiene la finalidad de unir a la mayor\u00eda de salvadore\u00f1os en oraci\u00f3n al mismo tiempo.<\/p>\n\n\n\n<p>En otros pa\u00edses tambi\u00e9n se han declarado D\u00eda de Oraci\u00f3n, en medio de la emergencia generada por el Covid-19, como es el caso de Estados Unidos.<\/p>\n\n\n\n<p><\/p>\n","protected":false},"excerpt":{"rendered":"<p>El presidente de la Rep\u00fablica, Nayib Bukele, anunci\u00f3 durante la noche del jueves que el pr\u00f3ximo domingo 24 de mayo<\/p>\n","protected":false},"author":1,"featured_media":3334,"comment_status":"open","ping_status":"open","sticky":false,"template":"","format":"standard","meta":{"colormag_page_container_layout":"default_layout","colormag_page_sidebar_layout":"default_layout","footnotes":""},"categories":[1],"tags":[],"class_list":["post-3331","post","type-post","status-publish","format-standard","has-post-thumbnail","hentry","category-nacional"],"_links":{"self":[{"href":"https:\/\/elmetidosv.com\/index.php?rest_route=\/wp\/v2\/posts\/3331","targetHints":{"allow":["GET"]}}],"collection":[{"href":"https:\/\/elmetidosv.com\/index.php?rest_route=\/wp\/v2\/posts"}],"about":[{"href":"https:\/\/elmetidosv.com\/index.php?rest_route=\/wp\/v2\/types\/post"}],"author":[{"embeddable":true,"href":"https:\/\/elmetidosv.com\/index.php?rest_route=\/wp\/v2\/users\/1"}],"replies":[{"embeddable":true,"href":"https:\/\/elmetidosv.com\/index.php?rest_route=%2Fwp%2Fv2%2Fcomments&post=3331"}],"version-history":[{"count":1,"href":"https:\/\/elmetidosv.com\/index.php?rest_route=\/wp\/v2\/posts\/3331\/revisions"}],"predecessor-version":[{"id":3335,"href":"https:\/\/elmetidosv.com\/index.php?rest_route=\/wp\/v2\/posts\/3331\/revisions\/3335"}],"wp:featuredmedia":[{"embeddable":true,"href":"https:\/\/elmetidosv.com\/index.php?rest_route=\/wp\/v2\/media\/3334"}],"wp:attachment":[{"href":"https:\/\/elmetidosv.com\/index.php?rest_route=%2Fwp%2Fv2%2Fmedia&parent=3331"}],"wp:term":[{"taxonomy":"category","embeddable":true,"href":"https:\/\/elmetidosv.com\/index.php?rest_route=%2Fwp%2Fv2%2Fcategories&post=3331"},{"taxonomy":"post_tag","embeddable":true,"href":"https:\/\/elmetidosv.com\/index.php?rest_route=%2Fwp%2Fv2%2Ftags&post=3331"}],"curies":[{"name":"wp","href":"https:\/\/api.w.org\/{rel}","templated":true}]}}