{"id":3328,"date":"2020-05-22T12:25:07","date_gmt":"2020-05-22T18:25:07","guid":{"rendered":"http:\/\/elmetidosve.com\/?p=3328"},"modified":"2020-05-22T12:25:14","modified_gmt":"2020-05-22T18:25:14","slug":"horarios-en-los-que-se-transmitiran-clases-por-canal-10","status":"publish","type":"post","link":"https:\/\/elmetidosv.com\/?p=3328","title":{"rendered":"Horarios en los que se transmitir\u00e1n clases por Canal 10"},"content":{"rendered":"\n<figure class=\"wp-block-image\"><img decoding=\"async\" src=\"https:\/\/pbs.twimg.com\/media\/EYlJaChWAAMfg1V?format=jpg&amp;name=medium\" alt=\"\"\/><\/figure>\n\n\n\n<figure class=\"wp-block-image\"><img decoding=\"async\" src=\"https:\/\/pbs.twimg.com\/media\/EYlJZ6RXsAMfn5X?format=jpg&amp;name=medium\" alt=\"\"\/><\/figure>\n\n\n\n<p>A partir de lunes 25 de mayo, el Ministerio de Educaci\u00f3n comenzar\u00e1 a transmitir por Televisi\u00f3n de El Salvador (Canal 10), la franja \u201cAprendamos en Casa\u201d, la cual permitir\u00e1 a la poblaci\u00f3n estudiantil desarrollar gu\u00edas de trabajo y adquirir nuevos conocimientos desde la comodidad del hogar.<\/p>\n\n\n\n<p>La ministra de Educaci\u00f3n, Carla Hanan\u00eda de Varela, explic\u00f3 que el Gobierno continuar\u00e1 con la entrega de gu\u00edas impresas a m\u00e1s de 200 mil estudiantes de todo el pa\u00eds matriculados en los centros educativos que tienen dificultades con el acceso a computadoras e internet.<\/p>\n\n\n\n<p>La titular de Educaci\u00f3n agreg\u00f3 que las clases por televisi\u00f3n forman parte de la Tercera Fase del Plan Continuidad Educativa y tiene como objetivo que los estudiantes sigan su proceso acad\u00e9mico desde sus hogares en esta cuarentena y el resto del a\u00f1o lectivo.<\/p>\n\n\n\n<p>La franja educativa ser\u00e1 transmitida desde las 7:00 de la ma\u00f1ana y estar\u00e1 destinada para los alumnos desde la educaci\u00f3n inicial hasta el bachillerato. Estos son los horarios:<\/p>\n\n\n\n<ul class=\"wp-block-list\"><li>Parvularia: 7:00 a 8:00 a.m.<\/li><li>Primer ciclo: 8:00 a 9:30 a.m.<\/li><li>Segundo ciclo: 9:30 a 11:00 a.m.<\/li><li>Tercer ciclo: 11:00 a.m. a 1:30 p.m.<\/li><li>Bachillerato: 1:30 a 3:30 p.m.<\/li><li>Reprisse: 3:30 a 4:30 p.m. (Parvularia)<\/li><\/ul>\n\n\n\n<p>Respecto a las materias, esta es la asignaci\u00f3n por d\u00eda:<\/p>\n\n\n\n<ul class=\"wp-block-list\"><li>Lunes: Matem\u00e1ticas.<\/li><li>Martes: Ciencias, Salud y Medio Ambiente.<\/li><li>Mi\u00e9rcoles: Lenguaje y Literatura.<\/li><li>Jueves: Sociales y C\u00edvica.<\/li><li>Viernes: Actividades de desarrollo f\u00edsico y socioemocional.<\/li><\/ul>\n","protected":false},"excerpt":{"rendered":"<p>A partir de lunes 25 de mayo, el Ministerio de Educaci\u00f3n comenzar\u00e1 a transmitir por Televisi\u00f3n de El Salvador (Canal<\/p>\n","protected":false},"author":1,"featured_media":3329,"comment_status":"open","ping_status":"open","sticky":false,"template":"","format":"standard","meta":{"colormag_page_container_layout":"default_layout","colormag_page_sidebar_layout":"default_layout","footnotes":""},"categories":[1],"tags":[],"class_list":["post-3328","post","type-post","status-publish","format-standard","has-post-thumbnail","hentry","category-nacional"],"_links":{"self":[{"href":"https:\/\/elmetidosv.com\/index.php?rest_route=\/wp\/v2\/posts\/3328","targetHints":{"allow":["GET"]}}],"collection":[{"href":"https:\/\/elmetidosv.com\/index.php?rest_route=\/wp\/v2\/posts"}],"about":[{"href":"https:\/\/elmetidosv.com\/index.php?rest_route=\/wp\/v2\/types\/post"}],"author":[{"embeddable":true,"href":"https:\/\/elmetidosv.com\/index.php?rest_route=\/wp\/v2\/users\/1"}],"replies":[{"embeddable":true,"href":"https:\/\/elmetidosv.com\/index.php?rest_route=%2Fwp%2Fv2%2Fcomments&post=3328"}],"version-history":[{"count":1,"href":"https:\/\/elmetidosv.com\/index.php?rest_route=\/wp\/v2\/posts\/3328\/revisions"}],"predecessor-version":[{"id":3330,"href":"https:\/\/elmetidosv.com\/index.php?rest_route=\/wp\/v2\/posts\/3328\/revisions\/3330"}],"wp:featuredmedia":[{"embeddable":true,"href":"https:\/\/elmetidosv.com\/index.php?rest_route=\/wp\/v2\/media\/3329"}],"wp:attachment":[{"href":"https:\/\/elmetidosv.com\/index.php?rest_route=%2Fwp%2Fv2%2Fmedia&parent=3328"}],"wp:term":[{"taxonomy":"category","embeddable":true,"href":"https:\/\/elmetidosv.com\/index.php?rest_route=%2Fwp%2Fv2%2Fcategories&post=3328"},{"taxonomy":"post_tag","embeddable":true,"href":"https:\/\/elmetidosv.com\/index.php?rest_route=%2Fwp%2Fv2%2Ftags&post=3328"}],"curies":[{"name":"wp","href":"https:\/\/api.w.org\/{rel}","templated":true}]}}