{"id":3283,"date":"2020-05-21T18:18:11","date_gmt":"2020-05-22T00:18:11","guid":{"rendered":"http:\/\/elmetidosve.com\/?p=3283"},"modified":"2020-05-21T18:18:17","modified_gmt":"2020-05-22T00:18:17","slug":"26-personas-cumplen-cuarentena","status":"publish","type":"post","link":"https:\/\/elmetidosv.com\/?p=3283","title":{"rendered":"26 personas cumplen cuarentena"},"content":{"rendered":"\n<figure class=\"wp-block-gallery columns-2 is-cropped wp-block-gallery-1 is-layout-flex wp-block-gallery-is-layout-flex\"><ul class=\"blocks-gallery-grid\"><li class=\"blocks-gallery-item\"><figure><img loading=\"lazy\" decoding=\"async\" width=\"240\" height=\"193\" src=\"http:\/\/elmetidosve.com\/wp-content\/uploads\/2020\/05\/0000000000000000000000000000000000-108.jpg\" alt=\"\" data-id=\"3284\" data-full-url=\"http:\/\/elmetidosve.com\/wp-content\/uploads\/2020\/05\/0000000000000000000000000000000000-108.jpg\" data-link=\"http:\/\/elmetidosve.com\/?attachment_id=3284\" class=\"wp-image-3284\"\/><\/figure><\/li><li class=\"blocks-gallery-item\"><figure><img loading=\"lazy\" decoding=\"async\" width=\"360\" height=\"339\" src=\"http:\/\/elmetidosve.com\/wp-content\/uploads\/2020\/05\/000000000000000000-140.jpg\" alt=\"\" data-id=\"3285\" data-full-url=\"http:\/\/elmetidosve.com\/wp-content\/uploads\/2020\/05\/000000000000000000-140.jpg\" data-link=\"http:\/\/elmetidosve.com\/?attachment_id=3285\" class=\"wp-image-3285\" srcset=\"https:\/\/elmetidosv.com\/wp-content\/uploads\/2020\/05\/000000000000000000-140.jpg 360w, https:\/\/elmetidosv.com\/wp-content\/uploads\/2020\/05\/000000000000000000-140-300x283.jpg 300w\" sizes=\"auto, (max-width: 360px) 100vw, 360px\" \/><\/figure><\/li><\/ul><\/figure>\n\n\n\n<p>La Secretar\u00eda de Prensa de la Presidencia de El Salvador inform\u00f3 este jueves, que 26 personas cumplieron su cuarentena en un centro de contenci\u00f3n en Antiguo Cuscatl\u00e1n, del departamento de La Libertad.<\/p>\n\n\n\n<p>Las personas tras practicarle su prueba de COVID-19 y resultar negativo, el personal consider\u00f3 que ya pod\u00edan volver a su hogares, sin embargo deben seguir con la cuarentena domiciliar especial.<\/p>\n\n\n\n<p>Seg\u00fan las autoridades, las personas estaba ubicadas en un centro de contenci\u00f3n de la zona de Santa Elena. Ahora regresa a sus hogares, los cuales son originarios de los municipios de Usulut\u00e1n, San Vicente y La Paz.<br><\/p>\n","protected":false},"excerpt":{"rendered":"<p>La Secretar\u00eda de Prensa de la Presidencia de El Salvador inform\u00f3 este jueves, que 26 personas cumplieron su cuarentena en<\/p>\n","protected":false},"author":1,"featured_media":3284,"comment_status":"open","ping_status":"open","sticky":false,"template":"","format":"standard","meta":{"colormag_page_container_layout":"default_layout","colormag_page_sidebar_layout":"default_layout","footnotes":""},"categories":[1],"tags":[],"class_list":["post-3283","post","type-post","status-publish","format-standard","has-post-thumbnail","hentry","category-nacional"],"_links":{"self":[{"href":"https:\/\/elmetidosv.com\/index.php?rest_route=\/wp\/v2\/posts\/3283","targetHints":{"allow":["GET"]}}],"collection":[{"href":"https:\/\/elmetidosv.com\/index.php?rest_route=\/wp\/v2\/posts"}],"about":[{"href":"https:\/\/elmetidosv.com\/index.php?rest_route=\/wp\/v2\/types\/post"}],"author":[{"embeddable":true,"href":"https:\/\/elmetidosv.com\/index.php?rest_route=\/wp\/v2\/users\/1"}],"replies":[{"embeddable":true,"href":"https:\/\/elmetidosv.com\/index.php?rest_route=%2Fwp%2Fv2%2Fcomments&post=3283"}],"version-history":[{"count":1,"href":"https:\/\/elmetidosv.com\/index.php?rest_route=\/wp\/v2\/posts\/3283\/revisions"}],"predecessor-version":[{"id":3286,"href":"https:\/\/elmetidosv.com\/index.php?rest_route=\/wp\/v2\/posts\/3283\/revisions\/3286"}],"wp:featuredmedia":[{"embeddable":true,"href":"https:\/\/elmetidosv.com\/index.php?rest_route=\/wp\/v2\/media\/3284"}],"wp:attachment":[{"href":"https:\/\/elmetidosv.com\/index.php?rest_route=%2Fwp%2Fv2%2Fmedia&parent=3283"}],"wp:term":[{"taxonomy":"category","embeddable":true,"href":"https:\/\/elmetidosv.com\/index.php?rest_route=%2Fwp%2Fv2%2Fcategories&post=3283"},{"taxonomy":"post_tag","embeddable":true,"href":"https:\/\/elmetidosv.com\/index.php?rest_route=%2Fwp%2Fv2%2Ftags&post=3283"}],"curies":[{"name":"wp","href":"https:\/\/api.w.org\/{rel}","templated":true}]}}