{"id":32269,"date":"2026-09-06T12:04:23","date_gmt":"2026-09-06T18:04:23","guid":{"rendered":"https:\/\/elmetidosv.com\/?p=32269"},"modified":"2026-09-06T12:04:23","modified_gmt":"2026-09-06T18:04:23","slug":"pequenos-patriotas-de-santa-ana-centro-celebran-la-independencia-con-desfile","status":"publish","type":"post","link":"https:\/\/elmetidosv.com\/?p=32269","title":{"rendered":"PEQUE\u00d1OS PATRIOTAS DE SANTA ANA CENTRO CELEBRAN LA INDEPENDENCIA CON DESFILE"},"content":{"rendered":"\n<figure class=\"wp-block-gallery has-nested-images columns-default is-cropped wp-block-gallery-1 is-layout-flex wp-block-gallery-is-layout-flex\">\n<figure class=\"wp-block-image size-large\"><img loading=\"lazy\" decoding=\"async\" width=\"1024\" height=\"576\" data-id=\"32271\" src=\"https:\/\/elmetidosv.com\/wp-content\/uploads\/2026\/09\/2-1024x576.jpg\" alt=\"\" class=\"wp-image-32271\" srcset=\"https:\/\/elmetidosv.com\/wp-content\/uploads\/2026\/09\/2-1024x576.jpg 1024w, https:\/\/elmetidosv.com\/wp-content\/uploads\/2026\/09\/2-300x169.jpg 300w, https:\/\/elmetidosv.com\/wp-content\/uploads\/2026\/09\/2-768x432.jpg 768w, https:\/\/elmetidosv.com\/wp-content\/uploads\/2026\/09\/2-1536x864.jpg 1536w, https:\/\/elmetidosv.com\/wp-content\/uploads\/2026\/09\/2.jpg 1600w\" sizes=\"auto, (max-width: 1024px) 100vw, 1024px\" \/><\/figure>\n<\/figure>\n\n\n\n<p>Los peque\u00f1os patriotas de <strong>Santa Ana Centro<\/strong> celebraron este domingo la independencia de El Salvador con un colorido desfile, en una jornada orientada a fomentar desde temprana edad el amor por el pa\u00eds y los valores c\u00edvicos.<\/p>\n\n\n\n<p>La actividad cont\u00f3 con la participaci\u00f3n de estudiantes de <strong>primera infancia y parvularia<\/strong>, quienes recorrieron las calles de la Ciudad Morena con entusiasmo, vistiendo atuendos alusivos a la patria y protagonizando diferentes muestras de civismo.<\/p>\n\n\n\n<figure class=\"wp-block-gallery has-nested-images columns-default is-cropped wp-block-gallery-2 is-layout-flex wp-block-gallery-is-layout-flex\">\n<figure class=\"wp-block-image size-large\"><img loading=\"lazy\" decoding=\"async\" width=\"1024\" height=\"576\" data-id=\"32272\" src=\"https:\/\/elmetidosv.com\/wp-content\/uploads\/2026\/09\/3-1024x576.jpg\" alt=\"\" class=\"wp-image-32272\" srcset=\"https:\/\/elmetidosv.com\/wp-content\/uploads\/2026\/09\/3-1024x576.jpg 1024w, https:\/\/elmetidosv.com\/wp-content\/uploads\/2026\/09\/3-300x169.jpg 300w, https:\/\/elmetidosv.com\/wp-content\/uploads\/2026\/09\/3-768x432.jpg 768w, https:\/\/elmetidosv.com\/wp-content\/uploads\/2026\/09\/3-1536x864.jpg 1536w, https:\/\/elmetidosv.com\/wp-content\/uploads\/2026\/09\/3.jpg 1600w\" sizes=\"auto, (max-width: 1024px) 100vw, 1024px\" \/><\/figure>\n<\/figure>\n\n\n\n<p>El alcalde de Santa Ana Centro, <strong>ingeniero Gustavo Acevedo<\/strong>, destac\u00f3 la participaci\u00f3n de las nuevas generaciones y expres\u00f3 su satisfacci\u00f3n por brindar a los ni\u00f1os espacios donde puedan disfrutar de un ambiente de libertad y celebrar los valores que identifican al pa\u00eds.<\/p>\n\n\n\n<p>A trav\u00e9s de sus redes sociales, el edil manifest\u00f3 que continuar\u00e1 trabajando con compromiso para contribuir a la construcci\u00f3n de un mejor presente y futuro para las nuevas generaciones.<\/p>\n\n\n\n<figure class=\"wp-block-gallery has-nested-images columns-default is-cropped wp-block-gallery-3 is-layout-flex wp-block-gallery-is-layout-flex\">\n<figure class=\"wp-block-image size-large\"><img loading=\"lazy\" decoding=\"async\" width=\"1024\" height=\"576\" data-id=\"32273\" src=\"https:\/\/elmetidosv.com\/wp-content\/uploads\/2026\/09\/4-1024x576.jpg\" alt=\"\" class=\"wp-image-32273\" srcset=\"https:\/\/elmetidosv.com\/wp-content\/uploads\/2026\/09\/4-1024x576.jpg 1024w, https:\/\/elmetidosv.com\/wp-content\/uploads\/2026\/09\/4-300x169.jpg 300w, https:\/\/elmetidosv.com\/wp-content\/uploads\/2026\/09\/4-768x432.jpg 768w, https:\/\/elmetidosv.com\/wp-content\/uploads\/2026\/09\/4-1536x864.jpg 1536w, https:\/\/elmetidosv.com\/wp-content\/uploads\/2026\/09\/4.jpg 1600w\" sizes=\"auto, (max-width: 1024px) 100vw, 1024px\" \/><\/figure>\n<\/figure>\n\n\n\n<p>\u201c\u00a1Qu\u00e9 viva El Salvador! \u00a1Qu\u00e9 viva Santa Ana Centro!\u201d, expres\u00f3 Acevedo al compartir im\u00e1genes de la celebraci\u00f3n.<\/p>\n\n\n\n<p>La jornada estuvo marcada por la alegr\u00eda de los peque\u00f1os participantes y sus familias, quienes se sumaron a esta actividad conmemorativa en el marco de las celebraciones de independencia.<\/p>\n\n\n\n<figure class=\"wp-block-gallery has-nested-images columns-default is-cropped wp-block-gallery-4 is-layout-flex wp-block-gallery-is-layout-flex\">\n<figure class=\"wp-block-image size-large\"><img loading=\"lazy\" decoding=\"async\" width=\"1024\" height=\"576\" data-id=\"32274\" src=\"https:\/\/elmetidosv.com\/wp-content\/uploads\/2026\/09\/5-1024x576.jpg\" alt=\"\" class=\"wp-image-32274\" srcset=\"https:\/\/elmetidosv.com\/wp-content\/uploads\/2026\/09\/5-1024x576.jpg 1024w, https:\/\/elmetidosv.com\/wp-content\/uploads\/2026\/09\/5-300x169.jpg 300w, https:\/\/elmetidosv.com\/wp-content\/uploads\/2026\/09\/5-768x432.jpg 768w, https:\/\/elmetidosv.com\/wp-content\/uploads\/2026\/09\/5-1536x864.jpg 1536w, https:\/\/elmetidosv.com\/wp-content\/uploads\/2026\/09\/5.jpg 1600w\" sizes=\"auto, (max-width: 1024px) 100vw, 1024px\" \/><\/figure>\n<\/figure>\n\n\n\n<figure class=\"wp-block-gallery has-nested-images columns-default is-cropped wp-block-gallery-5 is-layout-flex wp-block-gallery-is-layout-flex\">\n<figure class=\"wp-block-image size-large\"><img loading=\"lazy\" decoding=\"async\" width=\"1600\" height=\"900\" data-id=\"32275\" src=\"https:\/\/elmetidosv.com\/wp-content\/uploads\/2026\/09\/6-1024x576.jpg\" alt=\"\" class=\"wp-image-32275\" srcset=\"https:\/\/elmetidosv.com\/wp-content\/uploads\/2026\/09\/6-1024x576.jpg 1024w, https:\/\/elmetidosv.com\/wp-content\/uploads\/2026\/09\/6-300x169.jpg 300w, https:\/\/elmetidosv.com\/wp-content\/uploads\/2026\/09\/6-768x432.jpg 768w, https:\/\/elmetidosv.com\/wp-content\/uploads\/2026\/09\/6-1536x864.jpg 1536w, https:\/\/elmetidosv.com\/wp-content\/uploads\/2026\/09\/6.jpg 1600w\" sizes=\"auto, (max-width: 1600px) 100vw, 1600px\" \/><\/figure>\n<\/figure>\n","protected":false},"excerpt":{"rendered":"<p>Los peque\u00f1os patriotas de Santa Ana Centro celebraron este domingo la independencia de El Salvador con un colorido desfile, en<\/p>\n","protected":false},"author":2,"featured_media":32270,"comment_status":"closed","ping_status":"","sticky":false,"template":"","format":"standard","meta":{"colormag_page_container_layout":"default_layout","colormag_page_sidebar_layout":"default_layout","footnotes":""},"categories":[1],"tags":[15075,15072,13938,15074,15073,15069,31,189,13710,13239,13049,7014,12493,15071,15068,1930,33,552,15070],"class_list":["post-32269","post","type-post","status-publish","format-standard","has-post-thumbnail","hentry","category-nacional","tag-celebracion-patria","tag-celebracion-patria-tags-santa-ana-centro","tag-ciudad-morena","tag-civismo","tag-desfile","tag-desfile-de-independencia","tag-el-salvador","tag-estudiantes","tag-gustavo-acevedo","tag-independencia","tag-independencia-de-el-salvador","tag-ninos","tag-noticias-de-santa-ana-2","tag-parvularia","tag-pequenos-patriotas","tag-primera-infancia","tag-santa-ana","tag-santa-ana-centro","tag-valores-civicos"],"_links":{"self":[{"href":"https:\/\/elmetidosv.com\/index.php?rest_route=\/wp\/v2\/posts\/32269","targetHints":{"allow":["GET"]}}],"collection":[{"href":"https:\/\/elmetidosv.com\/index.php?rest_route=\/wp\/v2\/posts"}],"about":[{"href":"https:\/\/elmetidosv.com\/index.php?rest_route=\/wp\/v2\/types\/post"}],"author":[{"embeddable":true,"href":"https:\/\/elmetidosv.com\/index.php?rest_route=\/wp\/v2\/users\/2"}],"replies":[{"embeddable":true,"href":"https:\/\/elmetidosv.com\/index.php?rest_route=%2Fwp%2Fv2%2Fcomments&post=32269"}],"version-history":[{"count":1,"href":"https:\/\/elmetidosv.com\/index.php?rest_route=\/wp\/v2\/posts\/32269\/revisions"}],"predecessor-version":[{"id":32276,"href":"https:\/\/elmetidosv.com\/index.php?rest_route=\/wp\/v2\/posts\/32269\/revisions\/32276"}],"wp:featuredmedia":[{"embeddable":true,"href":"https:\/\/elmetidosv.com\/index.php?rest_route=\/wp\/v2\/media\/32270"}],"wp:attachment":[{"href":"https:\/\/elmetidosv.com\/index.php?rest_route=%2Fwp%2Fv2%2Fmedia&parent=32269"}],"wp:term":[{"taxonomy":"category","embeddable":true,"href":"https:\/\/elmetidosv.com\/index.php?rest_route=%2Fwp%2Fv2%2Fcategories&post=32269"},{"taxonomy":"post_tag","embeddable":true,"href":"https:\/\/elmetidosv.com\/index.php?rest_route=%2Fwp%2Fv2%2Ftags&post=32269"}],"curies":[{"name":"wp","href":"https:\/\/api.w.org\/{rel}","templated":true}]}}