{"id":32265,"date":"2026-09-06T11:43:33","date_gmt":"2026-09-06T17:43:33","guid":{"rendered":"https:\/\/elmetidosv.com\/?p=32265"},"modified":"2026-09-06T11:43:33","modified_gmt":"2026-09-06T17:43:33","slug":"tragedia-en-mexico-explosion-durante-una-fiesta-patronal-deja-al-menos-13-muertos","status":"publish","type":"post","link":"https:\/\/elmetidosv.com\/?p=32265","title":{"rendered":"TRAGEDIA EN M\u00c9XICO: EXPLOSI\u00d3N DURANTE UNA FIESTA PATRONAL DEJA AL MENOS 13 MUERTOS"},"content":{"rendered":"\n<figure class=\"wp-block-gallery has-nested-images columns-default is-cropped wp-block-gallery-1 is-layout-flex wp-block-gallery-is-layout-flex\">\n<figure class=\"wp-block-image size-large\"><img loading=\"lazy\" decoding=\"async\" width=\"515\" height=\"955\" data-id=\"32267\" src=\"https:\/\/elmetidosv.com\/wp-content\/uploads\/2026\/09\/cuetes-2.jpg\" alt=\"\" class=\"wp-image-32267\" srcset=\"https:\/\/elmetidosv.com\/wp-content\/uploads\/2026\/09\/cuetes-2.jpg 515w, https:\/\/elmetidosv.com\/wp-content\/uploads\/2026\/09\/cuetes-2-162x300.jpg 162w\" sizes=\"auto, (max-width: 515px) 100vw, 515px\" \/><figcaption class=\"wp-element-caption\">Screenshot<\/figcaption><\/figure>\n<\/figure>\n\n\n\n<p>Al menos <strong>13 personas murieron y otras 43 resultaron heridas<\/strong> tras una explosi\u00f3n relacionada con material pirot\u00e9cnico durante las celebraciones patronales en la comunidad de <strong>Santa Mar\u00eda Canchesd\u00e1<\/strong>, municipio de <strong>Temascalcingo, Estado de M\u00e9xico<\/strong>.<\/p>\n\n\n\n<p>La detonaci\u00f3n ocurri\u00f3 la noche del s\u00e1bado, durante las festividades en honor a <strong>Nuestra Se\u00f1ora de la Luz<\/strong>. Seg\u00fan las primeras investigaciones, el material pirot\u00e9cnico se encontraba almacenado en un espacio contiguo al templo.<\/p>\n\n\n\n<p>La explosi\u00f3n provoc\u00f3 el <strong>derrumbe parcial de la iglesia<\/strong> y dej\u00f3 a varias personas atrapadas entre los escombros. Bomberos, param\u00e9dicos, polic\u00edas y habitantes de la comunidad participaron en las labores de rescate y atenci\u00f3n de los afectados.<\/p>\n\n\n\n<p>Entre las personas lesionadas se encuentran <strong>menores de edad, adultos mayores y dos sacerdotes<\/strong>, quienes, seg\u00fan los reportes preliminares, se encuentran fuera de peligro.<\/p>\n\n\n\n<p>Las autoridades mantienen las labores de emergencia y han advertido que el balance de v\u00edctimas podr\u00eda variar mientras avanzan las tareas de rescate. Tambi\u00e9n se investiga qui\u00e9n almacen\u00f3 el material pirot\u00e9cnico en el lugar y si se cumpl\u00edan las medidas de seguridad correspondientes.<\/p>\n\n\n\n<p>PUBLICIDAD <\/p>\n\n\n\n<figure class=\"wp-block-gallery has-nested-images columns-default is-cropped wp-block-gallery-2 is-layout-flex wp-block-gallery-is-layout-flex\">\n<figure class=\"wp-block-image size-large\"><img loading=\"lazy\" decoding=\"async\" width=\"1024\" height=\"1024\" data-id=\"27532\" src=\"https:\/\/elmetidosv.com\/wp-content\/uploads\/2026\/05\/logo-digital-1024x1024.jpg\" alt=\"\" class=\"wp-image-27532\" srcset=\"https:\/\/elmetidosv.com\/wp-content\/uploads\/2026\/05\/logo-digital-1024x1024.jpg 1024w, https:\/\/elmetidosv.com\/wp-content\/uploads\/2026\/05\/logo-digital-300x300.jpg 300w, https:\/\/elmetidosv.com\/wp-content\/uploads\/2026\/05\/logo-digital-150x150.jpg 150w, https:\/\/elmetidosv.com\/wp-content\/uploads\/2026\/05\/logo-digital-768x768.jpg 768w, https:\/\/elmetidosv.com\/wp-content\/uploads\/2026\/05\/logo-digital-1536x1536.jpg 1536w, https:\/\/elmetidosv.com\/wp-content\/uploads\/2026\/05\/logo-digital.jpg 1600w\" sizes=\"auto, (max-width: 1024px) 100vw, 1024px\" \/><\/figure>\n<\/figure>\n","protected":false},"excerpt":{"rendered":"<p>Al menos 13 personas murieron y otras 43 resultaron heridas tras una explosi\u00f3n relacionada con material pirot\u00e9cnico durante las celebraciones<\/p>\n","protected":false},"author":2,"featured_media":32266,"comment_status":"closed","ping_status":"","sticky":false,"template":"","format":"standard","meta":{"colormag_page_container_layout":"default_layout","colormag_page_sidebar_layout":"default_layout","footnotes":""},"categories":[3],"tags":[330,15066,7547,3509,15065,1031,15063,1075,2176,29,15061,15062,15067,735,382,15064,93,15060,11037],"class_list":["post-32265","post","type-post","status-publish","format-standard","has-post-thumbnail","hentry","category-internacional","tag-emergencia","tag-emergencia-tags-mexico","tag-estado-de-mexico","tag-explosion","tag-explosion-en-mexico","tag-fallecidos","tag-fiesta-patronal","tag-heridos","tag-iglesia","tag-noticias-internacionales","tag-nuestra-senora-de-la-luz","tag-personas-fallecidas","tag-personas-heridas","tag-pirotecnia","tag-rescate","tag-santa-maria-canchesda","tag-seguridad","tag-temascalcingo","tag-ultima-hora-3"],"_links":{"self":[{"href":"https:\/\/elmetidosv.com\/index.php?rest_route=\/wp\/v2\/posts\/32265","targetHints":{"allow":["GET"]}}],"collection":[{"href":"https:\/\/elmetidosv.com\/index.php?rest_route=\/wp\/v2\/posts"}],"about":[{"href":"https:\/\/elmetidosv.com\/index.php?rest_route=\/wp\/v2\/types\/post"}],"author":[{"embeddable":true,"href":"https:\/\/elmetidosv.com\/index.php?rest_route=\/wp\/v2\/users\/2"}],"replies":[{"embeddable":true,"href":"https:\/\/elmetidosv.com\/index.php?rest_route=%2Fwp%2Fv2%2Fcomments&post=32265"}],"version-history":[{"count":1,"href":"https:\/\/elmetidosv.com\/index.php?rest_route=\/wp\/v2\/posts\/32265\/revisions"}],"predecessor-version":[{"id":32268,"href":"https:\/\/elmetidosv.com\/index.php?rest_route=\/wp\/v2\/posts\/32265\/revisions\/32268"}],"wp:featuredmedia":[{"embeddable":true,"href":"https:\/\/elmetidosv.com\/index.php?rest_route=\/wp\/v2\/media\/32266"}],"wp:attachment":[{"href":"https:\/\/elmetidosv.com\/index.php?rest_route=%2Fwp%2Fv2%2Fmedia&parent=32265"}],"wp:term":[{"taxonomy":"category","embeddable":true,"href":"https:\/\/elmetidosv.com\/index.php?rest_route=%2Fwp%2Fv2%2Fcategories&post=32265"},{"taxonomy":"post_tag","embeddable":true,"href":"https:\/\/elmetidosv.com\/index.php?rest_route=%2Fwp%2Fv2%2Ftags&post=32265"}],"curies":[{"name":"wp","href":"https:\/\/api.w.org\/{rel}","templated":true}]}}