{"id":32260,"date":"2026-09-06T11:20:22","date_gmt":"2026-09-06T17:20:22","guid":{"rendered":"https:\/\/elmetidosv.com\/?p=32260"},"modified":"2026-09-06T11:20:22","modified_gmt":"2026-09-06T17:20:22","slug":"una-persona-fallecio-y-otra-mas-resulto-lesionada-en-un-accidente-de-transito-en-la-labor-ahuachapan","status":"publish","type":"post","link":"https:\/\/elmetidosv.com\/?p=32260","title":{"rendered":"UNA PERSONA FALLECI\u00d3 Y OTRA M\u00c1S RESULT\u00d3 LESIONADA EN UN ACCIDENTE DE TR\u00c1NSITO EN LA LABOR, AHUACHAP\u00c1N"},"content":{"rendered":"\n<figure class=\"wp-block-gallery has-nested-images columns-default is-cropped wp-block-gallery-1 is-layout-flex wp-block-gallery-is-layout-flex\">\n<figure class=\"wp-block-image size-large\"><img loading=\"lazy\" decoding=\"async\" width=\"747\" height=\"1024\" data-id=\"32262\" src=\"https:\/\/elmetidosv.com\/wp-content\/uploads\/2026\/09\/MUERTO-2-747x1024.jpg\" alt=\"\" class=\"wp-image-32262\" srcset=\"https:\/\/elmetidosv.com\/wp-content\/uploads\/2026\/09\/MUERTO-2-747x1024.jpg 747w, https:\/\/elmetidosv.com\/wp-content\/uploads\/2026\/09\/MUERTO-2-219x300.jpg 219w, https:\/\/elmetidosv.com\/wp-content\/uploads\/2026\/09\/MUERTO-2-768x1053.jpg 768w, https:\/\/elmetidosv.com\/wp-content\/uploads\/2026\/09\/MUERTO-2.jpg 1071w\" sizes=\"auto, (max-width: 747px) 100vw, 747px\" \/><\/figure>\n<\/figure>\n\n\n\n<p>El conductor de un veh\u00edculo tipo <strong>Qute<\/strong> y una pasajera sufrieron un percance la noche del s\u00e1bado tras verse involucrados en un accidente de tr\u00e1nsito ocurrido sobre la <strong>Ruta Nacional 13<\/strong>, en la entrada de <strong>La Labor, Ahuachap\u00e1n<\/strong>, a la altura del distrito de Tur\u00edn.<\/p>\n\n\n\n<p>De acuerdo con informaci\u00f3n preliminar, el Qute habr\u00eda sido impactado por una camioneta y, posteriormente, colision\u00f3 contra un cami\u00f3n que circulaba adelante. En el accidente se vieron involucrados tres veh\u00edculos.<\/p>\n\n\n\n<p>Socorristas de <strong>Cruz Verde Salvadore\u00f1a<\/strong>, junto con elementos de <strong>Bomberos de El Salvador<\/strong> y equipos de <strong>Protecci\u00f3n Civil<\/strong>, trabajaron para liberar a las dos personas que quedaron atrapadas entre los veh\u00edculos.<\/p>\n\n\n\n<figure class=\"wp-block-gallery has-nested-images columns-default is-cropped wp-block-gallery-2 is-layout-flex wp-block-gallery-is-layout-flex\">\n<figure class=\"wp-block-image size-large\"><img loading=\"lazy\" decoding=\"async\" width=\"751\" height=\"986\" data-id=\"32263\" src=\"https:\/\/elmetidosv.com\/wp-content\/uploads\/2026\/09\/MUERTO-3.jpg\" alt=\"\" class=\"wp-image-32263\" srcset=\"https:\/\/elmetidosv.com\/wp-content\/uploads\/2026\/09\/MUERTO-3.jpg 751w, https:\/\/elmetidosv.com\/wp-content\/uploads\/2026\/09\/MUERTO-3-228x300.jpg 228w\" sizes=\"auto, (max-width: 751px) 100vw, 751px\" \/><\/figure>\n<\/figure>\n\n\n\n<p>El motorista fue identificado como <strong>Jaime Benjam\u00edn Ram\u00edrez Osorio, de 39 a\u00f1os<\/strong>, quien falleci\u00f3 en el lugar mientras recib\u00eda atenci\u00f3n prehospitalaria debido a la gravedad de las lesiones.<\/p>\n\n\n\n<p>Una pasajera tambi\u00e9n result\u00f3 gravemente lesionada y fue trasladada hacia el <strong>Hospital Nacional de Ahuachap\u00e1n<\/strong>; sin embargo, falleci\u00f3 mientras era trasladada hacia el centro asistencial, seg\u00fan la informaci\u00f3n proporcionada por los cuerpos de socorro.<\/p>\n\n\n\n<p>Las autoridades correspondientes deber\u00e1n determinar las circunstancias exactas que provocaron el accidente y establecer las responsabilidades que correspondan.<\/p>\n\n\n\n<p>PUBLICIDAD <\/p>\n\n\n\n<figure class=\"wp-block-gallery has-nested-images columns-default is-cropped wp-block-gallery-3 is-layout-flex wp-block-gallery-is-layout-flex\">\n<figure class=\"wp-block-image size-large\"><img loading=\"lazy\" decoding=\"async\" width=\"1024\" height=\"1024\" data-id=\"27532\" src=\"https:\/\/elmetidosv.com\/wp-content\/uploads\/2026\/05\/logo-digital-1024x1024.jpg\" alt=\"\" class=\"wp-image-27532\" srcset=\"https:\/\/elmetidosv.com\/wp-content\/uploads\/2026\/05\/logo-digital-1024x1024.jpg 1024w, https:\/\/elmetidosv.com\/wp-content\/uploads\/2026\/05\/logo-digital-300x300.jpg 300w, https:\/\/elmetidosv.com\/wp-content\/uploads\/2026\/05\/logo-digital-150x150.jpg 150w, https:\/\/elmetidosv.com\/wp-content\/uploads\/2026\/05\/logo-digital-768x768.jpg 768w, https:\/\/elmetidosv.com\/wp-content\/uploads\/2026\/05\/logo-digital-1536x1536.jpg 1536w, https:\/\/elmetidosv.com\/wp-content\/uploads\/2026\/05\/logo-digital.jpg 1600w\" sizes=\"auto, (max-width: 1024px) 100vw, 1024px\" \/><\/figure>\n<\/figure>\n","protected":false},"excerpt":{"rendered":"<p>El conductor de un veh\u00edculo tipo Qute y una pasajera sufrieron un percance la noche del s\u00e1bado tras verse involucrados<\/p>\n","protected":false},"author":2,"featured_media":32261,"comment_status":"closed","ping_status":"","sticky":false,"template":"","format":"standard","meta":{"colormag_page_container_layout":"default_layout","colormag_page_sidebar_layout":"default_layout","footnotes":""},"categories":[1],"tags":[110,40,856,1419,2058,1507,149,555,31,330,1031,15058,15056,10128,15059,66,9121,15057,122,10134,11037],"class_list":["post-32260","post","type-post","status-publish","format-standard","has-post-thumbnail","hentry","category-nacional","tag-accidente-de-transito","tag-ahuachapan","tag-bomberos","tag-bomberos-de-el-salvador","tag-camion","tag-camioneta","tag-cruz-verde","tag-cruz-verde-salvadorena","tag-el-salvador","tag-emergencia","tag-fallecidos","tag-jaime-benjamin-ramirez-osorio","tag-la-labor","tag-noticias-de-ahuachapan","tag-personas-fallecidas-tags-ahuachapan","tag-proteccion-civil","tag-qute","tag-ruta-nacional-13","tag-seguridad-vial","tag-turin","tag-ultima-hora-3"],"_links":{"self":[{"href":"https:\/\/elmetidosv.com\/index.php?rest_route=\/wp\/v2\/posts\/32260","targetHints":{"allow":["GET"]}}],"collection":[{"href":"https:\/\/elmetidosv.com\/index.php?rest_route=\/wp\/v2\/posts"}],"about":[{"href":"https:\/\/elmetidosv.com\/index.php?rest_route=\/wp\/v2\/types\/post"}],"author":[{"embeddable":true,"href":"https:\/\/elmetidosv.com\/index.php?rest_route=\/wp\/v2\/users\/2"}],"replies":[{"embeddable":true,"href":"https:\/\/elmetidosv.com\/index.php?rest_route=%2Fwp%2Fv2%2Fcomments&post=32260"}],"version-history":[{"count":1,"href":"https:\/\/elmetidosv.com\/index.php?rest_route=\/wp\/v2\/posts\/32260\/revisions"}],"predecessor-version":[{"id":32264,"href":"https:\/\/elmetidosv.com\/index.php?rest_route=\/wp\/v2\/posts\/32260\/revisions\/32264"}],"wp:featuredmedia":[{"embeddable":true,"href":"https:\/\/elmetidosv.com\/index.php?rest_route=\/wp\/v2\/media\/32261"}],"wp:attachment":[{"href":"https:\/\/elmetidosv.com\/index.php?rest_route=%2Fwp%2Fv2%2Fmedia&parent=32260"}],"wp:term":[{"taxonomy":"category","embeddable":true,"href":"https:\/\/elmetidosv.com\/index.php?rest_route=%2Fwp%2Fv2%2Fcategories&post=32260"},{"taxonomy":"post_tag","embeddable":true,"href":"https:\/\/elmetidosv.com\/index.php?rest_route=%2Fwp%2Fv2%2Ftags&post=32260"}],"curies":[{"name":"wp","href":"https:\/\/api.w.org\/{rel}","templated":true}]}}