{"id":32254,"date":"2026-09-05T13:10:44","date_gmt":"2026-09-05T19:10:44","guid":{"rendered":"https:\/\/elmetidosv.com\/?p=32254"},"modified":"2026-09-05T13:10:44","modified_gmt":"2026-09-05T19:10:44","slug":"juzgado-ordena-detencion-provisional-contra-acusado-de-extorsion-en-santa-ana","status":"publish","type":"post","link":"https:\/\/elmetidosv.com\/?p=32254","title":{"rendered":"JUZGADO ORDENA DETENCI\u00d3N PROVISIONAL CONTRA ACUSADO DE EXTORSI\u00d3N EN SANTA ANA"},"content":{"rendered":"\n<p>El <strong>Juzgado Segundo de Paz de Santa Ana<\/strong> orden\u00f3 instrucci\u00f3n formal con detenci\u00f3n provisional contra <strong>Omar Ernesto N. R., de 18 a\u00f1os<\/strong>, acusado del delito de <strong>extorsi\u00f3n<\/strong>, en perjuicio de una v\u00edctima con r\u00e9gimen de protecci\u00f3n.<\/p>\n\n\n\n<p>Seg\u00fan el requerimiento fiscal, los hechos ocurrieron el pasado <strong>30 de agosto de 2026<\/strong>, en el cant\u00f3n <strong>El Ranchador, distrito de Santa Ana<\/strong>, cuando el imputado, acompa\u00f1ado de un adolescente que es procesado por separado, habr\u00eda interceptado a la v\u00edctima y le exigi\u00f3 la entrega de <strong>$35<\/strong>.<\/p>\n\n\n\n<p>Ante la exigencia, la v\u00edctima manifest\u00f3 que \u00fanicamente contaba con <strong>$20<\/strong>, cantidad que entreg\u00f3 al imputado y al adolescente. Sin embargo, al considerar que el dinero entregado no correspond\u00eda con el monto exigido, ambos presuntamente agredieron f\u00edsicamente a la v\u00edctima.<\/p>\n\n\n\n<p>Posteriormente, la persona afectada interpuso la denuncia y agentes policiales que realizaban patrullajes en la zona fueron alertados sobre lo ocurrido. Los elementos policiales localizaron al imputado y al adolescente en el mismo sector y procedieron a su captura.<\/p>\n\n\n\n<p>El caso ser\u00e1 remitido a uno de los <strong>Juzgados de Instrucci\u00f3n de Santa Ana<\/strong>, donde continuar\u00e1 el proceso judicial correspondiente. Omar Ernesto N. R. mantiene su condici\u00f3n de <strong>imputado y ser\u00e1 la autoridad judicial competente la que determine su responsabilidad penal<\/strong>.<\/p>\n\n\n\n<p>PUBLICIDAD <\/p>\n\n\n\n<figure class=\"wp-block-gallery has-nested-images columns-default is-cropped wp-block-gallery-1 is-layout-flex wp-block-gallery-is-layout-flex\">\n<figure class=\"wp-block-image size-large\"><img loading=\"lazy\" decoding=\"async\" width=\"1024\" height=\"1024\" data-id=\"27532\" src=\"https:\/\/elmetidosv.com\/wp-content\/uploads\/2026\/05\/logo-digital-1024x1024.jpg\" alt=\"\" class=\"wp-image-27532\" srcset=\"https:\/\/elmetidosv.com\/wp-content\/uploads\/2026\/05\/logo-digital-1024x1024.jpg 1024w, https:\/\/elmetidosv.com\/wp-content\/uploads\/2026\/05\/logo-digital-300x300.jpg 300w, https:\/\/elmetidosv.com\/wp-content\/uploads\/2026\/05\/logo-digital-150x150.jpg 150w, https:\/\/elmetidosv.com\/wp-content\/uploads\/2026\/05\/logo-digital-768x768.jpg 768w, https:\/\/elmetidosv.com\/wp-content\/uploads\/2026\/05\/logo-digital-1536x1536.jpg 1536w, https:\/\/elmetidosv.com\/wp-content\/uploads\/2026\/05\/logo-digital.jpg 1600w\" sizes=\"auto, (max-width: 1024px) 100vw, 1024px\" \/><\/figure>\n<\/figure>\n","protected":false},"excerpt":{"rendered":"<p>El Juzgado Segundo de Paz de Santa Ana orden\u00f3 instrucci\u00f3n formal con detenci\u00f3n provisional contra Omar Ernesto N. R., de<\/p>\n","protected":false},"author":2,"featured_media":32255,"comment_status":"closed","ping_status":"","sticky":false,"template":"","format":"standard","meta":{"colormag_page_container_layout":"default_layout","colormag_page_sidebar_layout":"default_layout","footnotes":""},"categories":[1],"tags":[168,347,5682,31,366,363,351,82,15048,12548,9513,15046,85,349,15047,33,2299,93,15049],"class_list":["post-32254","post","type-post","status-publish","format-standard","has-post-thumbnail","hentry","category-nacional","tag-captura","tag-detencion-provisional","tag-el-ranchador","tag-el-salvador","tag-extorsion","tag-fgr","tag-fiscalia","tag-justicia","tag-juzgado-segundo-de-paz-de-santa-ana","tag-noticias-de-el-salvador-2","tag-noticias-de-santa-ana","tag-omar-ernesto-n-r","tag-pnc","tag-proceso-judicial","tag-proceso-judicial-tags-santa-ana","tag-santa-ana","tag-santa-ana-oeste","tag-seguridad","tag-victima-con-regimen-de-proteccion"],"_links":{"self":[{"href":"https:\/\/elmetidosv.com\/index.php?rest_route=\/wp\/v2\/posts\/32254","targetHints":{"allow":["GET"]}}],"collection":[{"href":"https:\/\/elmetidosv.com\/index.php?rest_route=\/wp\/v2\/posts"}],"about":[{"href":"https:\/\/elmetidosv.com\/index.php?rest_route=\/wp\/v2\/types\/post"}],"author":[{"embeddable":true,"href":"https:\/\/elmetidosv.com\/index.php?rest_route=\/wp\/v2\/users\/2"}],"replies":[{"embeddable":true,"href":"https:\/\/elmetidosv.com\/index.php?rest_route=%2Fwp%2Fv2%2Fcomments&post=32254"}],"version-history":[{"count":1,"href":"https:\/\/elmetidosv.com\/index.php?rest_route=\/wp\/v2\/posts\/32254\/revisions"}],"predecessor-version":[{"id":32256,"href":"https:\/\/elmetidosv.com\/index.php?rest_route=\/wp\/v2\/posts\/32254\/revisions\/32256"}],"wp:featuredmedia":[{"embeddable":true,"href":"https:\/\/elmetidosv.com\/index.php?rest_route=\/wp\/v2\/media\/32255"}],"wp:attachment":[{"href":"https:\/\/elmetidosv.com\/index.php?rest_route=%2Fwp%2Fv2%2Fmedia&parent=32254"}],"wp:term":[{"taxonomy":"category","embeddable":true,"href":"https:\/\/elmetidosv.com\/index.php?rest_route=%2Fwp%2Fv2%2Fcategories&post=32254"},{"taxonomy":"post_tag","embeddable":true,"href":"https:\/\/elmetidosv.com\/index.php?rest_route=%2Fwp%2Fv2%2Ftags&post=32254"}],"curies":[{"name":"wp","href":"https:\/\/api.w.org\/{rel}","templated":true}]}}