{"id":32249,"date":"2026-09-05T12:19:37","date_gmt":"2026-09-05T18:19:37","guid":{"rendered":"https:\/\/elmetidosv.com\/?p=32249"},"modified":"2026-09-05T12:19:37","modified_gmt":"2026-09-05T18:19:37","slug":"condenan-a-tres-miembros-de-una-familia-por-el-homicidio-agravado-de-un-recien-nacido-en-san-martin","status":"publish","type":"post","link":"https:\/\/elmetidosv.com\/?p=32249","title":{"rendered":"CONDENAN A TRES MIEMBROS DE UNA FAMILIA POR EL HOMICIDIO AGRAVADO DE UN RECI\u00c9N NACIDO EN SAN MART\u00cdN"},"content":{"rendered":"\n<figure class=\"wp-block-gallery has-nested-images columns-default is-cropped wp-block-gallery-1 is-layout-flex wp-block-gallery-is-layout-flex\">\n<figure class=\"wp-block-image size-large\"><img loading=\"lazy\" decoding=\"async\" width=\"121\" height=\"159\" data-id=\"32251\" src=\"https:\/\/elmetidosv.com\/wp-content\/uploads\/2026\/09\/1.png\" alt=\"\" class=\"wp-image-32251\"\/><\/figure>\n<\/figure>\n\n\n\n<p>La Fiscal\u00eda General de la Rep\u00fablica logr\u00f3 que tres miembros de una familia fueran condenados a penas de hasta <strong>45 a\u00f1os de prisi\u00f3n<\/strong>, tras ser encontrados culpables del <strong>homicidio agravado de un reci\u00e9n nacido<\/strong>, ocurrido en el distrito de San Mart\u00edn, San Salvador Este.<\/p>\n\n\n\n<p>De acuerdo con las investigaciones, los hechos ocurrieron en <strong>julio de 2025<\/strong>, luego de que, seg\u00fan la Fiscal\u00eda, en una iglesia evang\u00e9lica de la zona se les habr\u00eda indicado que el reci\u00e9n nacido representaba un supuesto \u201cmal esp\u00edritu\u201d. Posteriormente, <strong>Misael Alexander Garc\u00eda Ponce<\/strong> habr\u00eda provocado la muerte del beb\u00e9 y ocultado sus restos en el patio de su vivienda.<\/p>\n\n\n\n<p>Las autoridades fueron alertadas sobre lo ocurrido y se desplazaron hasta el lugar, donde realizaron las diligencias correspondientes y procedieron con las capturas de los involucrados.<\/p>\n\n\n\n<p>El <strong>Tribunal Quinto de Sentencia de San Salvador<\/strong> impuso las siguientes condenas:<\/p>\n\n\n\n<ul class=\"wp-block-list\">\n<li><strong>Maritza Yessenia Mart\u00ednez Ponce:<\/strong> 45 a\u00f1os de prisi\u00f3n.<\/li>\n\n\n\n<li><strong>Marta Alicia Ponce Carrillo:<\/strong> 45 a\u00f1os de prisi\u00f3n.<\/li>\n\n\n\n<li><strong>Misael Alexander Garc\u00eda Ponce:<\/strong> 35 a\u00f1os de prisi\u00f3n.<\/li>\n<\/ul>\n\n\n\n<p>Con estas sentencias, los tres fueron declarados responsables penalmente por su participaci\u00f3n en el homicidio agravado del reci\u00e9n nacido.<\/p>\n\n\n\n<figure class=\"wp-block-gallery has-nested-images columns-default is-cropped wp-block-gallery-2 is-layout-flex wp-block-gallery-is-layout-flex\">\n<figure class=\"wp-block-image size-large\"><img loading=\"lazy\" decoding=\"async\" width=\"109\" height=\"151\" data-id=\"32252\" src=\"https:\/\/elmetidosv.com\/wp-content\/uploads\/2026\/09\/2.png\" alt=\"\" class=\"wp-image-32252\"\/><\/figure>\n<\/figure>\n","protected":false},"excerpt":{"rendered":"<p>La Fiscal\u00eda General de la Rep\u00fablica logr\u00f3 que tres miembros de una familia fueran condenados a penas de hasta 45<\/p>\n","protected":false},"author":2,"featured_media":32250,"comment_status":"closed","ping_status":"","sticky":false,"template":"","format":"standard","meta":{"colormag_page_container_layout":"default_layout","colormag_page_sidebar_layout":"default_layout","footnotes":""},"categories":[1],"tags":[364,31,363,351,362,447,82,15044,14933,14932,12548,4089,159,384,794,10311],"class_list":["post-32249","post","type-post","status-publish","format-standard","has-post-thumbnail","hentry","category-nacional","tag-condena","tag-el-salvador","tag-fgr","tag-fiscalia","tag-fiscalia-general-de-la-republica","tag-homicidio-agravado","tag-justicia","tag-maritza-yessenia-martinez-ponce","tag-marta-alicia-ponce-carrillo","tag-misael-alexander-garcia-ponce","tag-noticias-de-el-salvador-2","tag-prision","tag-recien-nacido","tag-san-martin","tag-san-salvador-este","tag-tribunal-quinto-de-sentencia"],"_links":{"self":[{"href":"https:\/\/elmetidosv.com\/index.php?rest_route=\/wp\/v2\/posts\/32249","targetHints":{"allow":["GET"]}}],"collection":[{"href":"https:\/\/elmetidosv.com\/index.php?rest_route=\/wp\/v2\/posts"}],"about":[{"href":"https:\/\/elmetidosv.com\/index.php?rest_route=\/wp\/v2\/types\/post"}],"author":[{"embeddable":true,"href":"https:\/\/elmetidosv.com\/index.php?rest_route=\/wp\/v2\/users\/2"}],"replies":[{"embeddable":true,"href":"https:\/\/elmetidosv.com\/index.php?rest_route=%2Fwp%2Fv2%2Fcomments&post=32249"}],"version-history":[{"count":1,"href":"https:\/\/elmetidosv.com\/index.php?rest_route=\/wp\/v2\/posts\/32249\/revisions"}],"predecessor-version":[{"id":32253,"href":"https:\/\/elmetidosv.com\/index.php?rest_route=\/wp\/v2\/posts\/32249\/revisions\/32253"}],"wp:featuredmedia":[{"embeddable":true,"href":"https:\/\/elmetidosv.com\/index.php?rest_route=\/wp\/v2\/media\/32250"}],"wp:attachment":[{"href":"https:\/\/elmetidosv.com\/index.php?rest_route=%2Fwp%2Fv2%2Fmedia&parent=32249"}],"wp:term":[{"taxonomy":"category","embeddable":true,"href":"https:\/\/elmetidosv.com\/index.php?rest_route=%2Fwp%2Fv2%2Fcategories&post=32249"},{"taxonomy":"post_tag","embeddable":true,"href":"https:\/\/elmetidosv.com\/index.php?rest_route=%2Fwp%2Fv2%2Ftags&post=32249"}],"curies":[{"name":"wp","href":"https:\/\/api.w.org\/{rel}","templated":true}]}}