{"id":32244,"date":"2026-09-05T11:52:15","date_gmt":"2026-09-05T17:52:15","guid":{"rendered":"https:\/\/elmetidosv.com\/?p=32244"},"modified":"2026-09-05T11:54:52","modified_gmt":"2026-09-05T17:54:52","slug":"salvadoreno-fugado-de-bartolinas-de-san-sebastian-salitrillo-es-localizado-en-guatemala","status":"publish","type":"post","link":"https:\/\/elmetidosv.com\/?p=32244","title":{"rendered":"SALVADORE\u00d1O FUGADO DE BARTOLINAS DE SAN SEBASTI\u00c1N SALITRILLO ES LOCALIZADO EN GUATEMALA"},"content":{"rendered":"\n<figure class=\"wp-block-gallery has-nested-images columns-default is-cropped wp-block-gallery-1 is-layout-flex wp-block-gallery-is-layout-flex\">\n<figure class=\"wp-block-image size-large\"><img loading=\"lazy\" decoding=\"async\" width=\"768\" height=\"1024\" data-id=\"32246\" src=\"https:\/\/elmetidosv.com\/wp-content\/uploads\/2026\/09\/guate-1-1-768x1024.jpg\" alt=\"\" class=\"wp-image-32246\" srcset=\"https:\/\/elmetidosv.com\/wp-content\/uploads\/2026\/09\/guate-1-1-768x1024.jpg 768w, https:\/\/elmetidosv.com\/wp-content\/uploads\/2026\/09\/guate-1-1-225x300.jpg 225w, https:\/\/elmetidosv.com\/wp-content\/uploads\/2026\/09\/guate-1-1-1152x1536.jpg 1152w, https:\/\/elmetidosv.com\/wp-content\/uploads\/2026\/09\/guate-1-1.jpg 1200w\" sizes=\"auto, (max-width: 768px) 100vw, 768px\" \/><\/figure>\n<\/figure>\n\n\n\n<p>La Polic\u00eda Nacional Civil de Guatemala report\u00f3 este s\u00e1bado por la ma\u00f1ana la localizaci\u00f3n y captura del salvadore\u00f1o <strong>Hugo Leonel Barrera, de 21 a\u00f1os<\/strong>, quien se hab\u00eda fugado el pasado <strong>1 de septiembre<\/strong> de las bartolinas del puesto policial de <strong>San Sebasti\u00e1n Salitrillo, Santa Ana Oeste<\/strong>.<\/p>\n\n\n\n<p>De acuerdo con la informaci\u00f3n proporcionada, Barrera hab\u00eda sido trasladado ese d\u00eda al Juzgado de Paz de San Sebasti\u00e1n Salitrillo para someterse a un proceso abreviado por el delito de <strong>hurto<\/strong>. Aunque no se detall\u00f3 el objeto sustra\u00eddo, fue condenado a <strong>tres a\u00f1os de prisi\u00f3n<\/strong>, pena que le fue sustituida por trabajos de utilidad p\u00fablica.<\/p>\n\n\n\n<p>Sin embargo, el joven no recuper\u00f3 su libertad debido a que enfrentaba otro proceso judicial. El pasado <strong>28 de julio<\/strong>, el Juzgado de Paz de Chalchuapa le hab\u00eda decretado detenci\u00f3n provisional y un plazo de <strong>40 d\u00edas para la investigaci\u00f3n sumaria<\/strong>, relacionado con el presunto hurto de una motocicleta.<\/p>\n\n\n\n<p>Tras regresar a las instalaciones policiales, Barrera habr\u00eda escapado de las bartolinas. C\u00e1maras de seguridad de viviendas del sector captaron el momento en que presuntamente se ocult\u00f3 entre unos arbustos ubicados en la v\u00eda p\u00fablica, vistiendo una camiseta y un short blancos y sin esposas.<\/p>\n\n\n\n<p>Seg\u00fan el informe de la Polic\u00eda Nacional Civil de Guatemala, Barrera fue localizado en <strong>aldea Escarbadero, Jerez, Jutiapa<\/strong>, durante un procedimiento realizado por agentes de la Comisar\u00eda 21, en coordinaci\u00f3n con autoridades salvadore\u00f1as.<\/p>\n\n\n\n<p>El reporte policial se\u00f1ala que el joven habr\u00eda huido de una instalaci\u00f3n penitenciaria salvadore\u00f1a y posteriormente fue localizado en Guatemala, desde donde, seg\u00fan las autoridades guatemaltecas, ser\u00e1 expulsado hacia El Salvador.<\/p>\n\n\n\n<p>VIDEO <\/p>\n\n\n\n<figure class=\"wp-block-embed is-type-rich is-provider-x wp-block-embed-x\"><div class=\"wp-block-embed__wrapper\">\n<blockquote class=\"twitter-tweet\" data-width=\"550\" data-dnt=\"true\"><p lang=\"es\" dir=\"ltr\">\ud83d\udea8 Detenido en aldea Escarbadero, Jerez, Jutiapa, el salvadore\u00f1o Hugo Leonel Barrera, de 21 a\u00f1os, quien fug\u00f3 de la c\u00e1rcel de San Sebasti\u00e1n Salitrillo, Santa Ana. <br>Tras ingresar de manera irregular a Guatemala, fue ubicado mediante coordinaci\u00f3n policial y devuelto a El Salvador. <a href=\"https:\/\/t.co\/pL0j6s0wFS\">pic.twitter.com\/pL0j6s0wFS<\/a><\/p>&mdash; El Metido (@elmetidooficial) <a href=\"https:\/\/x.com\/elmetidooficial\/status\/2096295674870366297?ref_src=twsrc%5Etfw\">September 5, 2026<\/a><\/blockquote><script async src=\"https:\/\/platform.x.com\/widgets.js\" charset=\"utf-8\"><\/script>\n<\/div><\/figure>\n","protected":false},"excerpt":{"rendered":"<p>La Polic\u00eda Nacional Civil de Guatemala report\u00f3 este s\u00e1bado por la ma\u00f1ana la localizaci\u00f3n y captura del salvadore\u00f1o Hugo Leonel<\/p>\n","protected":false},"author":2,"featured_media":32245,"comment_status":"closed","ping_status":"","sticky":false,"template":"","format":"standard","meta":{"colormag_page_container_layout":"default_layout","colormag_page_sidebar_layout":"default_layout","footnotes":""},"categories":[1],"tags":[3334,168,1585,31,15043,1269,15041,167,15042,12546,665,5696,1437,1064,221,85,176,361,6280,3396,33,2299,93,11037],"class_list":["post-32244","post","type-post","status-publish","format-standard","has-post-thumbnail","hentry","category-nacional","tag-bartolinas","tag-captura","tag-chalchuapa","tag-el-salvador","tag-escarbadero","tag-fuga","tag-fuga-de-bartolinas","tag-guatemala","tag-guatemala-tags-san-sebastian-salitrillo","tag-hugo-leonel-barrera","tag-hurto-2","tag-jerez","tag-jutiapa","tag-motocicleta","tag-noticias-de-el-salvador","tag-pnc","tag-pnc-guatemala","tag-policia-nacional-civil","tag-salvadoreno","tag-san-sebastian-salitrillo","tag-santa-ana","tag-santa-ana-oeste","tag-seguridad","tag-ultima-hora-3"],"_links":{"self":[{"href":"https:\/\/elmetidosv.com\/index.php?rest_route=\/wp\/v2\/posts\/32244","targetHints":{"allow":["GET"]}}],"collection":[{"href":"https:\/\/elmetidosv.com\/index.php?rest_route=\/wp\/v2\/posts"}],"about":[{"href":"https:\/\/elmetidosv.com\/index.php?rest_route=\/wp\/v2\/types\/post"}],"author":[{"embeddable":true,"href":"https:\/\/elmetidosv.com\/index.php?rest_route=\/wp\/v2\/users\/2"}],"replies":[{"embeddable":true,"href":"https:\/\/elmetidosv.com\/index.php?rest_route=%2Fwp%2Fv2%2Fcomments&post=32244"}],"version-history":[{"count":2,"href":"https:\/\/elmetidosv.com\/index.php?rest_route=\/wp\/v2\/posts\/32244\/revisions"}],"predecessor-version":[{"id":32248,"href":"https:\/\/elmetidosv.com\/index.php?rest_route=\/wp\/v2\/posts\/32244\/revisions\/32248"}],"wp:featuredmedia":[{"embeddable":true,"href":"https:\/\/elmetidosv.com\/index.php?rest_route=\/wp\/v2\/media\/32245"}],"wp:attachment":[{"href":"https:\/\/elmetidosv.com\/index.php?rest_route=%2Fwp%2Fv2%2Fmedia&parent=32244"}],"wp:term":[{"taxonomy":"category","embeddable":true,"href":"https:\/\/elmetidosv.com\/index.php?rest_route=%2Fwp%2Fv2%2Fcategories&post=32244"},{"taxonomy":"post_tag","embeddable":true,"href":"https:\/\/elmetidosv.com\/index.php?rest_route=%2Fwp%2Fv2%2Ftags&post=32244"}],"curies":[{"name":"wp","href":"https:\/\/api.w.org\/{rel}","templated":true}]}}