{"id":32240,"date":"2026-09-04T11:44:20","date_gmt":"2026-09-04T17:44:20","guid":{"rendered":"https:\/\/elmetidosv.com\/?p=32240"},"modified":"2026-09-04T11:44:20","modified_gmt":"2026-09-04T17:44:20","slug":"seis-atletas-de-chalchuapa-integran-la-delegacion-salvadorena-de-taekwondo-en-competencia-internacional","status":"publish","type":"post","link":"https:\/\/elmetidosv.com\/?p=32240","title":{"rendered":"SEIS ATLETAS DE CHALCHUAPA INTEGRAN LA DELEGACI\u00d3N SALVADORE\u00d1A DE TAEKWONDO EN COMPETENCIA INTERNACIONAL"},"content":{"rendered":"\n<p>Seis atletas de <strong>Chalchuapa<\/strong> forman parte de la delegaci\u00f3n salvadore\u00f1a de <strong>Taekwondo<\/strong> que representar\u00e1 al pa\u00eds en una competencia internacional.<\/p>\n\n\n\n<p>La selecci\u00f3n est\u00e1 conformada por <strong>21 atletas<\/strong>, entre los que destacan los representantes chalchuapanecos <strong>Valeria C\u00e1rcamo, Willian Campos, Kevin Trujillo, Eduardo Espa\u00f1a, Camila Cristales y Victoria \u00c1greda<\/strong>.<\/p>\n\n\n\n<p><strong>Willian Campos<\/strong> pertenece a la <strong>Academia Vida X Vida<\/strong>, mientras que Valeria C\u00e1rcamo, Kevin Trujillo, Eduardo Espa\u00f1a, Camila Cristales y Victoria \u00c1greda forman parte de la <strong>Academia Alemar<\/strong>.<\/p>\n\n\n\n<p>Adem\u00e1s, el profesor <strong>Marcelo Mart\u00ednez<\/strong>, de Academia Alemar, integra la delegaci\u00f3n oficial como <strong>Coach de la selecci\u00f3n completa<\/strong>, acompa\u00f1ando a los atletas salvadore\u00f1os durante esta competencia internacional.<\/p>\n\n\n\n<p>La participaci\u00f3n de estos seis deportistas representa una importante presencia de <strong>Chalchuapa en el Taekwondo nacional<\/strong>, poniendo en alto el trabajo que realizan las academias deportivas del municipio en la formaci\u00f3n de nuevos talentos.<\/p>\n\n\n\n<p>PUBLICIDAD <\/p>\n\n\n\n<figure class=\"wp-block-gallery has-nested-images columns-default is-cropped wp-block-gallery-1 is-layout-flex wp-block-gallery-is-layout-flex\">\n<figure class=\"wp-block-image size-large\"><img loading=\"lazy\" decoding=\"async\" width=\"957\" height=\"960\" data-id=\"27126\" src=\"https:\/\/elmetidosv.com\/wp-content\/uploads\/2026\/05\/2D-AZUCAR.jpg\" alt=\"\" class=\"wp-image-27126\" srcset=\"https:\/\/elmetidosv.com\/wp-content\/uploads\/2026\/05\/2D-AZUCAR.jpg 957w, https:\/\/elmetidosv.com\/wp-content\/uploads\/2026\/05\/2D-AZUCAR-300x300.jpg 300w, https:\/\/elmetidosv.com\/wp-content\/uploads\/2026\/05\/2D-AZUCAR-150x150.jpg 150w, https:\/\/elmetidosv.com\/wp-content\/uploads\/2026\/05\/2D-AZUCAR-768x770.jpg 768w\" sizes=\"auto, (max-width: 957px) 100vw, 957px\" \/><\/figure>\n<\/figure>\n","protected":false},"excerpt":{"rendered":"<p>Seis atletas de Chalchuapa forman parte de la delegaci\u00f3n salvadore\u00f1a de Taekwondo que representar\u00e1 al pa\u00eds en una competencia internacional.<\/p>\n","protected":false},"author":2,"featured_media":32241,"comment_status":"closed","ping_status":"","sticky":false,"template":"","format":"standard","meta":{"colormag_page_container_layout":"default_layout","colormag_page_sidebar_layout":"default_layout","footnotes":""},"categories":[7],"tags":[15038,15036,15028,10338,15029,1585,15040,15039,6242,15031,31,15032,15037,33,6247,15033,15027,15030,15035,15034],"class_list":["post-32240","post","type-post","status-publish","format-standard","has-post-thumbnail","hentry","category-deportes","tag-academia-alemar","tag-academia-vida-x-vida","tag-atletas-de-chalchuapa","tag-atletas-salvadorenos","tag-camila-cristales","tag-chalchuapa","tag-competencia-internacional","tag-competencia-internacional-tags-chalchuapa","tag-deporte","tag-eduardo-espana","tag-el-salvador","tag-kevin-trujillo","tag-marcelo-martinez","tag-santa-ana","tag-seleccion-nacional","tag-seleccion-salvadorena","tag-taekwondo","tag-valeria-carcamo","tag-victoria-agreda","tag-willian-campos"],"_links":{"self":[{"href":"https:\/\/elmetidosv.com\/index.php?rest_route=\/wp\/v2\/posts\/32240","targetHints":{"allow":["GET"]}}],"collection":[{"href":"https:\/\/elmetidosv.com\/index.php?rest_route=\/wp\/v2\/posts"}],"about":[{"href":"https:\/\/elmetidosv.com\/index.php?rest_route=\/wp\/v2\/types\/post"}],"author":[{"embeddable":true,"href":"https:\/\/elmetidosv.com\/index.php?rest_route=\/wp\/v2\/users\/2"}],"replies":[{"embeddable":true,"href":"https:\/\/elmetidosv.com\/index.php?rest_route=%2Fwp%2Fv2%2Fcomments&post=32240"}],"version-history":[{"count":1,"href":"https:\/\/elmetidosv.com\/index.php?rest_route=\/wp\/v2\/posts\/32240\/revisions"}],"predecessor-version":[{"id":32242,"href":"https:\/\/elmetidosv.com\/index.php?rest_route=\/wp\/v2\/posts\/32240\/revisions\/32242"}],"wp:featuredmedia":[{"embeddable":true,"href":"https:\/\/elmetidosv.com\/index.php?rest_route=\/wp\/v2\/media\/32241"}],"wp:attachment":[{"href":"https:\/\/elmetidosv.com\/index.php?rest_route=%2Fwp%2Fv2%2Fmedia&parent=32240"}],"wp:term":[{"taxonomy":"category","embeddable":true,"href":"https:\/\/elmetidosv.com\/index.php?rest_route=%2Fwp%2Fv2%2Fcategories&post=32240"},{"taxonomy":"post_tag","embeddable":true,"href":"https:\/\/elmetidosv.com\/index.php?rest_route=%2Fwp%2Fv2%2Ftags&post=32240"}],"curies":[{"name":"wp","href":"https:\/\/api.w.org\/{rel}","templated":true}]}}