{"id":32230,"date":"2026-09-04T10:17:22","date_gmt":"2026-09-04T16:17:22","guid":{"rendered":"https:\/\/elmetidosv.com\/?p=32230"},"modified":"2026-09-04T10:17:22","modified_gmt":"2026-09-04T16:17:22","slug":"canal-de-panama-reducira-el-transito-de-barcos-por-sequia","status":"publish","type":"post","link":"https:\/\/elmetidosv.com\/?p=32230","title":{"rendered":"CANAL DE PANAM\u00c1 REDUCIR\u00c1 EL TR\u00c1NSITO DE BARCOS POR SEQU\u00cdA"},"content":{"rendered":"\n<figure class=\"wp-block-gallery has-nested-images columns-default is-cropped wp-block-gallery-1 is-layout-flex wp-block-gallery-is-layout-flex\">\n<figure class=\"wp-block-image size-large\"><img loading=\"lazy\" decoding=\"async\" width=\"1024\" height=\"683\" data-id=\"32232\" src=\"https:\/\/elmetidosv.com\/wp-content\/uploads\/2026\/09\/canal-02-1024x683.jpg\" alt=\"\" class=\"wp-image-32232\" srcset=\"https:\/\/elmetidosv.com\/wp-content\/uploads\/2026\/09\/canal-02-1024x683.jpg 1024w, https:\/\/elmetidosv.com\/wp-content\/uploads\/2026\/09\/canal-02-300x200.jpg 300w, https:\/\/elmetidosv.com\/wp-content\/uploads\/2026\/09\/canal-02-768x512.jpg 768w, https:\/\/elmetidosv.com\/wp-content\/uploads\/2026\/09\/canal-02-1536x1024.jpg 1536w, https:\/\/elmetidosv.com\/wp-content\/uploads\/2026\/09\/canal-02-2048x1365.jpg 2048w\" sizes=\"auto, (max-width: 1024px) 100vw, 1024px\" \/><\/figure>\n<\/figure>\n\n\n\n<p>El <strong>Canal de Panam\u00e1<\/strong> restringir\u00e1 nuevamente el tr\u00e1nsito de buques debido a la escasez de agua provocada por la sequ\u00eda asociada al fen\u00f3meno de <strong>El Ni\u00f1o<\/strong>, una situaci\u00f3n que representa un desaf\u00edo para una de las principales rutas del comercio mar\u00edtimo mundial.<\/p>\n\n\n\n<p>La medida contempla una reducci\u00f3n gradual de <strong>36 a 32 barcos diarios<\/strong> que podr\u00e1n atravesar la v\u00eda interoce\u00e1nica, con el objetivo de disminuir el consumo de agua y garantizar la continuidad de las operaciones.<\/p>\n\n\n\n<figure class=\"wp-block-gallery has-nested-images columns-default is-cropped wp-block-gallery-2 is-layout-flex wp-block-gallery-is-layout-flex\">\n<figure class=\"wp-block-image size-large\"><img loading=\"lazy\" decoding=\"async\" width=\"1024\" height=\"683\" data-id=\"32233\" src=\"https:\/\/elmetidosv.com\/wp-content\/uploads\/2026\/09\/canal-03-1024x683.jpg\" alt=\"\" class=\"wp-image-32233\" srcset=\"https:\/\/elmetidosv.com\/wp-content\/uploads\/2026\/09\/canal-03-1024x683.jpg 1024w, https:\/\/elmetidosv.com\/wp-content\/uploads\/2026\/09\/canal-03-300x200.jpg 300w, https:\/\/elmetidosv.com\/wp-content\/uploads\/2026\/09\/canal-03-768x512.jpg 768w, https:\/\/elmetidosv.com\/wp-content\/uploads\/2026\/09\/canal-03-1536x1024.jpg 1536w, https:\/\/elmetidosv.com\/wp-content\/uploads\/2026\/09\/canal-03-2048x1365.jpg 2048w\" sizes=\"auto, (max-width: 1024px) 100vw, 1024px\" \/><\/figure>\n<\/figure>\n\n\n\n<p>El Canal de Panam\u00e1 conecta los oc\u00e9anos <strong>Pac\u00edfico y Atl\u00e1ntico<\/strong> y por esta ruta transita aproximadamente el <strong>5 % del comercio mundial<\/strong>, por lo que cualquier reducci\u00f3n en su capacidad puede generar repercusiones en las cadenas de suministro y el transporte mar\u00edtimo internacional.<\/p>\n\n\n\n<p>La operaci\u00f3n del Canal depende principalmente del agua dulce acumulada en los lagos artificiales de <strong>Gat\u00fan y Alhajuela<\/strong>, abastecidos fundamentalmente por las lluvias. Ante las condiciones de sequ\u00eda, las autoridades han adoptado medidas para preservar las reservas disponibles.<\/p>\n\n\n\n<p>Seg\u00fan la informaci\u00f3n proporcionada, las condiciones de sequ\u00eda podr\u00edan prolongarse hasta <strong>mediados de 2027<\/strong>, aumentando la presi\u00f3n sobre las reservas de agua necesarias para mantener el funcionamiento de la v\u00eda interoce\u00e1nica.<\/p>\n\n\n\n<p>PUBLICIDAD <\/p>\n\n\n\n<figure class=\"wp-block-gallery has-nested-images columns-default is-cropped wp-block-gallery-3 is-layout-flex wp-block-gallery-is-layout-flex\">\n<figure class=\"wp-block-image size-large\"><img loading=\"lazy\" decoding=\"async\" width=\"957\" height=\"960\" data-id=\"27126\" src=\"https:\/\/elmetidosv.com\/wp-content\/uploads\/2026\/05\/2D-AZUCAR.jpg\" alt=\"\" class=\"wp-image-27126\" srcset=\"https:\/\/elmetidosv.com\/wp-content\/uploads\/2026\/05\/2D-AZUCAR.jpg 957w, https:\/\/elmetidosv.com\/wp-content\/uploads\/2026\/05\/2D-AZUCAR-300x300.jpg 300w, https:\/\/elmetidosv.com\/wp-content\/uploads\/2026\/05\/2D-AZUCAR-150x150.jpg 150w, https:\/\/elmetidosv.com\/wp-content\/uploads\/2026\/05\/2D-AZUCAR-768x770.jpg 768w\" sizes=\"auto, (max-width: 957px) 100vw, 957px\" \/><\/figure>\n<\/figure>\n","protected":false},"excerpt":{"rendered":"<p>El Canal de Panam\u00e1 restringir\u00e1 nuevamente el tr\u00e1nsito de buques debido a la escasez de agua provocada por la sequ\u00eda<\/p>\n","protected":false},"author":2,"featured_media":32231,"comment_status":"closed","ping_status":"","sticky":false,"template":"","format":"standard","meta":{"colormag_page_container_layout":"default_layout","colormag_page_sidebar_layout":"default_layout","footnotes":""},"categories":[3],"tags":[14486,15015,15020,15017,15012,11528,15011,14340,5596,14333,15013,15021,15019,5175,15016,7120,15014,1393,15018],"class_list":["post-32230","post","type-post","status-publish","format-standard","has-post-thumbnail","hentry","category-internacional","tag-agua","tag-alhajuela","tag-barcos","tag-buques","tag-canal-de-panama","tag-comercio-maritimo","tag-comercio-mundial","tag-crisis-hidrica","tag-el-nino","tag-escasez-de-agua","tag-gatun","tag-lago-alhajuela","tag-lago-gatun","tag-noticias-internacionales-2","tag-panama-tags-panama","tag-sequia","tag-transito-de-barcos","tag-transporte","tag-transporte-maritimo"],"_links":{"self":[{"href":"https:\/\/elmetidosv.com\/index.php?rest_route=\/wp\/v2\/posts\/32230","targetHints":{"allow":["GET"]}}],"collection":[{"href":"https:\/\/elmetidosv.com\/index.php?rest_route=\/wp\/v2\/posts"}],"about":[{"href":"https:\/\/elmetidosv.com\/index.php?rest_route=\/wp\/v2\/types\/post"}],"author":[{"embeddable":true,"href":"https:\/\/elmetidosv.com\/index.php?rest_route=\/wp\/v2\/users\/2"}],"replies":[{"embeddable":true,"href":"https:\/\/elmetidosv.com\/index.php?rest_route=%2Fwp%2Fv2%2Fcomments&post=32230"}],"version-history":[{"count":1,"href":"https:\/\/elmetidosv.com\/index.php?rest_route=\/wp\/v2\/posts\/32230\/revisions"}],"predecessor-version":[{"id":32234,"href":"https:\/\/elmetidosv.com\/index.php?rest_route=\/wp\/v2\/posts\/32230\/revisions\/32234"}],"wp:featuredmedia":[{"embeddable":true,"href":"https:\/\/elmetidosv.com\/index.php?rest_route=\/wp\/v2\/media\/32231"}],"wp:attachment":[{"href":"https:\/\/elmetidosv.com\/index.php?rest_route=%2Fwp%2Fv2%2Fmedia&parent=32230"}],"wp:term":[{"taxonomy":"category","embeddable":true,"href":"https:\/\/elmetidosv.com\/index.php?rest_route=%2Fwp%2Fv2%2Fcategories&post=32230"},{"taxonomy":"post_tag","embeddable":true,"href":"https:\/\/elmetidosv.com\/index.php?rest_route=%2Fwp%2Fv2%2Ftags&post=32230"}],"curies":[{"name":"wp","href":"https:\/\/api.w.org\/{rel}","templated":true}]}}