{"id":32227,"date":"2026-09-04T10:07:03","date_gmt":"2026-09-04T16:07:03","guid":{"rendered":"https:\/\/elmetidosv.com\/?p=32227"},"modified":"2026-09-04T10:07:03","modified_gmt":"2026-09-04T16:07:03","slug":"estados-unidos-rechaza-extender-el-tps-para-hondurenos-confirma-gobierno-de-honduras","status":"publish","type":"post","link":"https:\/\/elmetidosv.com\/?p=32227","title":{"rendered":"ESTADOS UNIDOS RECHAZA EXTENDER EL TPS PARA HONDURE\u00d1OS, CONFIRMA GOBIERNO DE HONDURAS"},"content":{"rendered":"\n<p>El Gobierno de Honduras confirm\u00f3 que <strong>Estados Unidos rechaz\u00f3 la solicitud de extender o conceder un nuevo periodo de gracia al Estatus de Protecci\u00f3n Temporal (TPS)<\/strong> para los hondure\u00f1os beneficiarios del programa.<\/p>\n\n\n\n<p>La canciller hondure\u00f1a, <strong>Mireya Ag\u00fcero<\/strong>, inform\u00f3 que Washington descart\u00f3 la petici\u00f3n presentada por el presidente <strong>Nasry \u201cTito\u201d Asfura<\/strong>, quien hab\u00eda solicitado tiempo adicional con el objetivo de facilitar una transici\u00f3n ordenada para las personas amparadas por esta protecci\u00f3n migratoria.<\/p>\n\n\n\n<p>Ante el fin del TPS, el Gobierno hondure\u00f1o prepara <strong>asistencia legal y consular<\/strong> para sus connacionales, as\u00ed como medidas de apoyo para quienes sean deportados o decidan regresar voluntariamente a Honduras.<\/p>\n\n\n\n<p>La canciller evit\u00f3 precisar cu\u00e1ntas personas perder\u00e1n la protecci\u00f3n migratoria, debido a diferencias entre los registros disponibles sobre el n\u00famero de hondure\u00f1os beneficiarios del TPS.<\/p>\n\n\n\n<p>La decisi\u00f3n estadounidense representa un nuevo desaf\u00edo para los hondure\u00f1os que permanecen en Estados Unidos bajo este programa y que ahora deber\u00e1n definir su situaci\u00f3n migratoria conforme a las disposiciones vigentes.<\/p>\n","protected":false},"excerpt":{"rendered":"<p>El Gobierno de Honduras confirm\u00f3 que Estados Unidos rechaz\u00f3 la solicitud de extender o conceder un nuevo periodo de gracia<\/p>\n","protected":false},"author":2,"featured_media":32228,"comment_status":"closed","ping_status":"","sticky":false,"template":"","format":"standard","meta":{"colormag_page_container_layout":"default_layout","colormag_page_sidebar_layout":"default_layout","footnotes":""},"categories":[8383],"tags":[15010,15008,92,19,12083,508,3419,15004,1228,26,15007,1691,15003,5175,2014,15005,15009,5713,15006],"class_list":["post-32227","post","type-post","status-publish","format-standard","has-post-thumbnail","hentry","category-inmigracion","tag-asistencia-consular","tag-asistencia-consular-tags-honduras","tag-deportaciones","tag-estados-unidos","tag-estatus-de-proteccion-temporal","tag-honduras","tag-hondurenos","tag-hondurenos-en-estados-unidos","tag-inmigracion","tag-migracion","tag-mireya-aguero","tag-nasry-asfura","tag-nasry-tito-asfura","tag-noticias-internacionales-2","tag-politica-migratoria","tag-proteccion-migratoria","tag-retorno-voluntario","tag-tps","tag-tps-hondurenos"],"_links":{"self":[{"href":"https:\/\/elmetidosv.com\/index.php?rest_route=\/wp\/v2\/posts\/32227","targetHints":{"allow":["GET"]}}],"collection":[{"href":"https:\/\/elmetidosv.com\/index.php?rest_route=\/wp\/v2\/posts"}],"about":[{"href":"https:\/\/elmetidosv.com\/index.php?rest_route=\/wp\/v2\/types\/post"}],"author":[{"embeddable":true,"href":"https:\/\/elmetidosv.com\/index.php?rest_route=\/wp\/v2\/users\/2"}],"replies":[{"embeddable":true,"href":"https:\/\/elmetidosv.com\/index.php?rest_route=%2Fwp%2Fv2%2Fcomments&post=32227"}],"version-history":[{"count":1,"href":"https:\/\/elmetidosv.com\/index.php?rest_route=\/wp\/v2\/posts\/32227\/revisions"}],"predecessor-version":[{"id":32229,"href":"https:\/\/elmetidosv.com\/index.php?rest_route=\/wp\/v2\/posts\/32227\/revisions\/32229"}],"wp:featuredmedia":[{"embeddable":true,"href":"https:\/\/elmetidosv.com\/index.php?rest_route=\/wp\/v2\/media\/32228"}],"wp:attachment":[{"href":"https:\/\/elmetidosv.com\/index.php?rest_route=%2Fwp%2Fv2%2Fmedia&parent=32227"}],"wp:term":[{"taxonomy":"category","embeddable":true,"href":"https:\/\/elmetidosv.com\/index.php?rest_route=%2Fwp%2Fv2%2Fcategories&post=32227"},{"taxonomy":"post_tag","embeddable":true,"href":"https:\/\/elmetidosv.com\/index.php?rest_route=%2Fwp%2Fv2%2Ftags&post=32227"}],"curies":[{"name":"wp","href":"https:\/\/api.w.org\/{rel}","templated":true}]}}