{"id":32221,"date":"2026-09-04T09:49:35","date_gmt":"2026-09-04T15:49:35","guid":{"rendered":"https:\/\/elmetidosv.com\/?p=32221"},"modified":"2026-09-04T09:49:35","modified_gmt":"2026-09-04T15:49:35","slug":"a-juicio-acusado-de-hacerse-pasar-por-ingeniero-y-medico-en-santa-ana","status":"publish","type":"post","link":"https:\/\/elmetidosv.com\/?p=32221","title":{"rendered":"A JUICIO ACUSADO DE HACERSE PASAR POR INGENIERO Y M\u00c9DICO EN SANTA ANA"},"content":{"rendered":"\n<p>El <strong>Juzgado Primero de Instrucci\u00f3n de Santa Ana<\/strong> decret\u00f3 apertura a juicio y ratific\u00f3 la detenci\u00f3n provisional contra <strong>Carlos Orestes D., de 48 a\u00f1os<\/strong>, acusado de los delitos de <strong>estafa y ejercicio ilegal de profesi\u00f3n<\/strong>, en perjuicio de dos v\u00edctimas.<\/p>\n\n\n\n<p>Seg\u00fan el dictamen de acusaci\u00f3n, uno de los casos se remonta a diciembre de 2020, cuando una empresa public\u00f3 en un peri\u00f3dico un anuncio en el que solicitaba los servicios de un ingeniero industrial o en alimentos. El imputado se habr\u00eda comunicado con la empresa y ofrecido sus servicios como ingeniero industrial.<\/p>\n\n\n\n<p>Durante una entrevista realizada el 1 de enero de 2021, habr\u00eda presentado una fotocopia de un supuesto t\u00edtulo universitario, su hoja de vida y dos diplomas atribuidos a diferentes entidades. Posteriormente, fue contratado para participar en un proyecto relacionado con la sanitizaci\u00f3n y desinfecci\u00f3n de alimentos, as\u00ed como con la fabricaci\u00f3n de una sustancia qu\u00edmica.<\/p>\n\n\n\n<p>De acuerdo con la acusaci\u00f3n, el procesado habr\u00eda impartido capacitaciones al personal y solicitado diferentes pagos relacionados con las actividades que deb\u00eda desarrollar. El propietario de la empresa denunci\u00f3 un perjuicio econ\u00f3mico de <strong>$83,500<\/strong>.<\/p>\n\n\n\n<p>El segundo caso habr\u00eda ocurrido en mayo de 2024, cuando una mujer identificada como <strong>Mar\u00eda A., de 40 a\u00f1os<\/strong>, public\u00f3 en Facebook un anuncio para alquilar una vivienda en Santa Ana Centro. El acusado la habr\u00eda contactado y manifestado que estaba interesado en alquilarla, present\u00e1ndose adem\u00e1s como m\u00e9dico que necesitaba trasladarse de San Salvador a Santa Ana por motivos laborales.<\/p>\n\n\n\n<p>Seg\u00fan la acusaci\u00f3n, durante una reuni\u00f3n para visitar la vivienda y suscribir el contrato de arrendamiento, el imputado habr\u00eda ofrecido pagar el alquiler con supuestos productos m\u00e9dicos para adelgazar, en lugar de entregar el dinero correspondiente.<\/p>\n\n\n\n<p>Posteriormente, habr\u00eda ofrecido venderle otros art\u00edculos y le solicit\u00f3 $400. La v\u00edctima realiz\u00f3 varios dep\u00f3sitos bancarios que sumaron <strong>$370<\/strong>. Sin embargo, cuando lleg\u00f3 el momento de entregar los productos, el acusado presuntamente bloque\u00f3 los medios de comunicaci\u00f3n con la mujer.<\/p>\n\n\n\n<p>El caso pasar\u00e1 a la siguiente etapa judicial, donde deber\u00e1n valorarse las pruebas presentadas por las partes. <strong>Carlos Orestes D. mantiene su condici\u00f3n de imputado mientras contin\u00faa el proceso.<\/strong><\/p>\n","protected":false},"excerpt":{"rendered":"<p>El Juzgado Primero de Instrucci\u00f3n de Santa Ana decret\u00f3 apertura a juicio y ratific\u00f3 la detenci\u00f3n provisional contra Carlos Orestes<\/p>\n","protected":false},"author":2,"featured_media":32222,"comment_status":"closed","ping_status":"","sticky":false,"template":"","format":"standard","meta":{"colormag_page_container_layout":"default_layout","colormag_page_sidebar_layout":"default_layout","footnotes":""},"categories":[1],"tags":[7802,2068,14998,14994,347,9209,31,612,666,14995,82,14996,14997,10413,349,33],"class_list":["post-32221","post","type-post","status-publish","format-standard","has-post-thumbnail","hentry","category-nacional","tag-acusado","tag-apertura-a-juicio","tag-apertura-a-juicio-tags-santa-ana","tag-carlos-orestes-d","tag-detencion-provisional","tag-ejercicio-ilegal-de-profesion","tag-el-salvador","tag-estafa","tag-fraude","tag-ingeniero","tag-justicia","tag-juzgado-primero-de-instruccion","tag-medico","tag-noticias-nacionales-2","tag-proceso-judicial","tag-santa-ana"],"_links":{"self":[{"href":"https:\/\/elmetidosv.com\/index.php?rest_route=\/wp\/v2\/posts\/32221","targetHints":{"allow":["GET"]}}],"collection":[{"href":"https:\/\/elmetidosv.com\/index.php?rest_route=\/wp\/v2\/posts"}],"about":[{"href":"https:\/\/elmetidosv.com\/index.php?rest_route=\/wp\/v2\/types\/post"}],"author":[{"embeddable":true,"href":"https:\/\/elmetidosv.com\/index.php?rest_route=\/wp\/v2\/users\/2"}],"replies":[{"embeddable":true,"href":"https:\/\/elmetidosv.com\/index.php?rest_route=%2Fwp%2Fv2%2Fcomments&post=32221"}],"version-history":[{"count":1,"href":"https:\/\/elmetidosv.com\/index.php?rest_route=\/wp\/v2\/posts\/32221\/revisions"}],"predecessor-version":[{"id":32223,"href":"https:\/\/elmetidosv.com\/index.php?rest_route=\/wp\/v2\/posts\/32221\/revisions\/32223"}],"wp:featuredmedia":[{"embeddable":true,"href":"https:\/\/elmetidosv.com\/index.php?rest_route=\/wp\/v2\/media\/32222"}],"wp:attachment":[{"href":"https:\/\/elmetidosv.com\/index.php?rest_route=%2Fwp%2Fv2%2Fmedia&parent=32221"}],"wp:term":[{"taxonomy":"category","embeddable":true,"href":"https:\/\/elmetidosv.com\/index.php?rest_route=%2Fwp%2Fv2%2Fcategories&post=32221"},{"taxonomy":"post_tag","embeddable":true,"href":"https:\/\/elmetidosv.com\/index.php?rest_route=%2Fwp%2Fv2%2Ftags&post=32221"}],"curies":[{"name":"wp","href":"https:\/\/api.w.org\/{rel}","templated":true}]}}