{"id":32216,"date":"2026-09-04T09:29:33","date_gmt":"2026-09-04T15:29:33","guid":{"rendered":"https:\/\/elmetidosv.com\/?p=32216"},"modified":"2026-09-04T09:29:33","modified_gmt":"2026-09-04T15:29:33","slug":"muere-maria-amanda-navarrete-segunda-victima-del-accidente-en-usulutan","status":"publish","type":"post","link":"https:\/\/elmetidosv.com\/?p=32216","title":{"rendered":"MUERE MAR\u00cdA AMANDA NAVARRETE, SEGUNDA V\u00cdCTIMA DEL ACCIDENTE EN USULUT\u00c1N"},"content":{"rendered":"\n<figure class=\"wp-block-gallery has-nested-images columns-default is-cropped wp-block-gallery-1 is-layout-flex wp-block-gallery-is-layout-flex\">\n<figure class=\"wp-block-image size-large\"><img loading=\"lazy\" decoding=\"async\" width=\"1024\" height=\"755\" data-id=\"32218\" src=\"https:\/\/elmetidosv.com\/wp-content\/uploads\/2026\/09\/ACCI-3-1024x755.jpg\" alt=\"\" class=\"wp-image-32218\" srcset=\"https:\/\/elmetidosv.com\/wp-content\/uploads\/2026\/09\/ACCI-3-1024x755.jpg 1024w, https:\/\/elmetidosv.com\/wp-content\/uploads\/2026\/09\/ACCI-3-300x221.jpg 300w, https:\/\/elmetidosv.com\/wp-content\/uploads\/2026\/09\/ACCI-3-768x566.jpg 768w, https:\/\/elmetidosv.com\/wp-content\/uploads\/2026\/09\/ACCI-3.jpg 1080w\" sizes=\"auto, (max-width: 1024px) 100vw, 1024px\" \/><\/figure>\n<\/figure>\n\n\n\n<p>El accidente de tr\u00e1nsito ocurrido el pasado mi\u00e9rcoles sobre la <strong>carretera Litoral<\/strong>, en el sector de la hacienda La Carrera, Usulut\u00e1n, cobr\u00f3 una segunda v\u00edctima mortal.<\/p>\n\n\n\n<p>En el percance, una mujer perdi\u00f3 la vida en el lugar, mientras que <strong>Mar\u00eda Amanda Navarrete<\/strong> result\u00f3 gravemente lesionada y fue trasladada a un centro asistencial para recibir atenci\u00f3n m\u00e9dica.<\/p>\n\n\n\n<figure class=\"wp-block-gallery has-nested-images columns-default is-cropped wp-block-gallery-2 is-layout-flex wp-block-gallery-is-layout-flex\">\n<figure class=\"wp-block-image size-large\"><img loading=\"lazy\" decoding=\"async\" width=\"595\" height=\"540\" data-id=\"32219\" src=\"https:\/\/elmetidosv.com\/wp-content\/uploads\/2026\/09\/ACCI-2.jpg\" alt=\"\" class=\"wp-image-32219\" srcset=\"https:\/\/elmetidosv.com\/wp-content\/uploads\/2026\/09\/ACCI-2.jpg 595w, https:\/\/elmetidosv.com\/wp-content\/uploads\/2026\/09\/ACCI-2-300x272.jpg 300w\" sizes=\"auto, (max-width: 595px) 100vw, 595px\" \/><\/figure>\n<\/figure>\n\n\n\n<p>Sin embargo, durante la madrugada de este viernes se confirm\u00f3 el fallecimiento de Navarrete, debido a la gravedad de las lesiones sufridas en el accidente.<\/p>\n\n\n\n<p>Con su muerte, el percance deja un saldo de <strong>dos personas fallecidas<\/strong>. Las circunstancias en las que ocurri\u00f3 el accidente contin\u00faan bajo investigaci\u00f3n de las autoridades correspondientes.<\/p>\n\n\n\n<p>PUBLICIDAD <\/p>\n\n\n\n<figure class=\"wp-block-gallery has-nested-images columns-default is-cropped wp-block-gallery-3 is-layout-flex wp-block-gallery-is-layout-flex\">\n<figure class=\"wp-block-image size-large\"><img loading=\"lazy\" decoding=\"async\" width=\"1024\" height=\"1024\" data-id=\"27532\" src=\"https:\/\/elmetidosv.com\/wp-content\/uploads\/2026\/05\/logo-digital-1024x1024.jpg\" alt=\"\" class=\"wp-image-27532\" srcset=\"https:\/\/elmetidosv.com\/wp-content\/uploads\/2026\/05\/logo-digital-1024x1024.jpg 1024w, https:\/\/elmetidosv.com\/wp-content\/uploads\/2026\/05\/logo-digital-300x300.jpg 300w, https:\/\/elmetidosv.com\/wp-content\/uploads\/2026\/05\/logo-digital-150x150.jpg 150w, https:\/\/elmetidosv.com\/wp-content\/uploads\/2026\/05\/logo-digital-768x768.jpg 768w, https:\/\/elmetidosv.com\/wp-content\/uploads\/2026\/05\/logo-digital-1536x1536.jpg 1536w, https:\/\/elmetidosv.com\/wp-content\/uploads\/2026\/05\/logo-digital.jpg 1600w\" sizes=\"auto, (max-width: 1024px) 100vw, 1024px\" \/><\/figure>\n<\/figure>\n","protected":false},"excerpt":{"rendered":"<p>El accidente de tr\u00e1nsito ocurrido el pasado mi\u00e9rcoles sobre la carretera Litoral, en el sector de la hacienda La Carrera,<\/p>\n","protected":false},"author":2,"featured_media":32217,"comment_status":"closed","ping_status":"","sticky":false,"template":"","format":"standard","meta":{"colormag_page_container_layout":"default_layout","colormag_page_sidebar_layout":"default_layout","footnotes":""},"categories":[1],"tags":[261,110,1103,31,12670,330,6368,1067,11244,14992,10413,499,14993,122,120,99],"class_list":["post-32216","post","type-post","status-publish","format-standard","has-post-thumbnail","hentry","category-nacional","tag-accidente","tag-accidente-de-transito","tag-carretera-litoral","tag-el-salvador","tag-el-salvador-tags-usulutan","tag-emergencia","tag-fallecida","tag-fallecimiento","tag-hacienda-la-carrera","tag-maria-amanda-navarrete","tag-noticias-nacionales-2","tag-percance-vial","tag-segunda-victima","tag-seguridad-vial","tag-transito","tag-usulutan"],"_links":{"self":[{"href":"https:\/\/elmetidosv.com\/index.php?rest_route=\/wp\/v2\/posts\/32216","targetHints":{"allow":["GET"]}}],"collection":[{"href":"https:\/\/elmetidosv.com\/index.php?rest_route=\/wp\/v2\/posts"}],"about":[{"href":"https:\/\/elmetidosv.com\/index.php?rest_route=\/wp\/v2\/types\/post"}],"author":[{"embeddable":true,"href":"https:\/\/elmetidosv.com\/index.php?rest_route=\/wp\/v2\/users\/2"}],"replies":[{"embeddable":true,"href":"https:\/\/elmetidosv.com\/index.php?rest_route=%2Fwp%2Fv2%2Fcomments&post=32216"}],"version-history":[{"count":1,"href":"https:\/\/elmetidosv.com\/index.php?rest_route=\/wp\/v2\/posts\/32216\/revisions"}],"predecessor-version":[{"id":32220,"href":"https:\/\/elmetidosv.com\/index.php?rest_route=\/wp\/v2\/posts\/32216\/revisions\/32220"}],"wp:featuredmedia":[{"embeddable":true,"href":"https:\/\/elmetidosv.com\/index.php?rest_route=\/wp\/v2\/media\/32217"}],"wp:attachment":[{"href":"https:\/\/elmetidosv.com\/index.php?rest_route=%2Fwp%2Fv2%2Fmedia&parent=32216"}],"wp:term":[{"taxonomy":"category","embeddable":true,"href":"https:\/\/elmetidosv.com\/index.php?rest_route=%2Fwp%2Fv2%2Fcategories&post=32216"},{"taxonomy":"post_tag","embeddable":true,"href":"https:\/\/elmetidosv.com\/index.php?rest_route=%2Fwp%2Fv2%2Ftags&post=32216"}],"curies":[{"name":"wp","href":"https:\/\/api.w.org\/{rel}","templated":true}]}}