{"id":32203,"date":"2026-09-04T08:59:34","date_gmt":"2026-09-04T14:59:34","guid":{"rendered":"https:\/\/elmetidosv.com\/?p=32203"},"modified":"2026-09-04T08:59:34","modified_gmt":"2026-09-04T14:59:34","slug":"rescataron-con-vida-a-dos-trabajadores-tras-nueve-dias-atrapados-en-un-tunel-de-nepal","status":"publish","type":"post","link":"https:\/\/elmetidosv.com\/?p=32203","title":{"rendered":"RESCATARON CON VIDA A DOS TRABAJADORES TRAS NUEVE D\u00cdAS ATRAPADOS EN UN T\u00daNEL DE NEPAL"},"content":{"rendered":"\n<figure class=\"wp-block-gallery has-nested-images columns-default is-cropped wp-block-gallery-1 is-layout-flex wp-block-gallery-is-layout-flex\">\n<figure class=\"wp-block-image size-large\"><img loading=\"lazy\" decoding=\"async\" width=\"465\" height=\"568\" data-id=\"32205\" src=\"https:\/\/elmetidosv.com\/wp-content\/uploads\/2026\/09\/NEPAL-2.png\" alt=\"\" class=\"wp-image-32205\" srcset=\"https:\/\/elmetidosv.com\/wp-content\/uploads\/2026\/09\/NEPAL-2.png 465w, https:\/\/elmetidosv.com\/wp-content\/uploads\/2026\/09\/NEPAL-2-246x300.png 246w\" sizes=\"auto, (max-width: 465px) 100vw, 465px\" \/><\/figure>\n<\/figure>\n\n\n\n<p>Dos trabajadores fueron rescatados <strong>con vida<\/strong> luego de permanecer nueve d\u00edas atrapados dentro de un t\u00fanel en Nepal.<\/p>\n\n\n\n<p>Los obreros participaban en la construcci\u00f3n de un <strong>proyecto hidroel\u00e9ctrico<\/strong> cuando quedaron atrapados en la estructura, generando un amplio operativo de emergencia para localizarlos y ponerlos a salvo.<\/p>\n\n\n\n<p>Equipos de rescate y trabajadores especializados realizaron labores durante varios d\u00edas hasta lograr establecer su ubicaci\u00f3n y posteriormente ejecutar el rescate.<\/p>\n\n\n\n<p>Tras permanecer nueve d\u00edas en el interior del t\u00fanel, ambos trabajadores fueron puestos a salvo. Las autoridades contin\u00faan evaluando las condiciones en las que se produjo el incidente.<\/p>\n\n\n\n<p>PUBLICIDAD <\/p>\n\n\n\n<figure class=\"wp-block-gallery has-nested-images columns-default is-cropped wp-block-gallery-2 is-layout-flex wp-block-gallery-is-layout-flex\">\n<figure class=\"wp-block-image size-large\"><img loading=\"lazy\" decoding=\"async\" width=\"1024\" height=\"1024\" data-id=\"27532\" src=\"https:\/\/elmetidosv.com\/wp-content\/uploads\/2026\/05\/logo-digital-1024x1024.jpg\" alt=\"\" class=\"wp-image-27532\" srcset=\"https:\/\/elmetidosv.com\/wp-content\/uploads\/2026\/05\/logo-digital-1024x1024.jpg 1024w, https:\/\/elmetidosv.com\/wp-content\/uploads\/2026\/05\/logo-digital-300x300.jpg 300w, https:\/\/elmetidosv.com\/wp-content\/uploads\/2026\/05\/logo-digital-150x150.jpg 150w, https:\/\/elmetidosv.com\/wp-content\/uploads\/2026\/05\/logo-digital-768x768.jpg 768w, https:\/\/elmetidosv.com\/wp-content\/uploads\/2026\/05\/logo-digital-1536x1536.jpg 1536w, https:\/\/elmetidosv.com\/wp-content\/uploads\/2026\/05\/logo-digital.jpg 1600w\" sizes=\"auto, (max-width: 1024px) 100vw, 1024px\" \/><\/figure>\n<\/figure>\n","protected":false},"excerpt":{"rendered":"<p>Dos trabajadores fueron rescatados con vida luego de permanecer nueve d\u00edas atrapados dentro de un t\u00fanel en Nepal. Los obreros<\/p>\n","protected":false},"author":2,"featured_media":32204,"comment_status":"closed","ping_status":"","sticky":false,"template":"","format":"standard","meta":{"colormag_page_container_layout":"default_layout","colormag_page_sidebar_layout":"default_layout","footnotes":""},"categories":[3],"tags":[261,14977,330,14975,14978,14471,29,14974,382,11554,14976,562,14972,14971,14973,11037],"class_list":["post-32203","post","type-post","status-publish","format-standard","has-post-thumbnail","hentry","category-internacional","tag-accidente","tag-atrapados","tag-emergencia","tag-equipos-de-rescate","tag-hidroelectrica","tag-nepal","tag-noticias-internacionales","tag-proyecto-hidroelectrico","tag-rescate","tag-rescate-con-vida","tag-rescate-con-vida-tags-nepal","tag-trabajadores","tag-trabajadores-atrapados","tag-trabajadores-rescatados","tag-tunel","tag-ultima-hora-3"],"_links":{"self":[{"href":"https:\/\/elmetidosv.com\/index.php?rest_route=\/wp\/v2\/posts\/32203","targetHints":{"allow":["GET"]}}],"collection":[{"href":"https:\/\/elmetidosv.com\/index.php?rest_route=\/wp\/v2\/posts"}],"about":[{"href":"https:\/\/elmetidosv.com\/index.php?rest_route=\/wp\/v2\/types\/post"}],"author":[{"embeddable":true,"href":"https:\/\/elmetidosv.com\/index.php?rest_route=\/wp\/v2\/users\/2"}],"replies":[{"embeddable":true,"href":"https:\/\/elmetidosv.com\/index.php?rest_route=%2Fwp%2Fv2%2Fcomments&post=32203"}],"version-history":[{"count":1,"href":"https:\/\/elmetidosv.com\/index.php?rest_route=\/wp\/v2\/posts\/32203\/revisions"}],"predecessor-version":[{"id":32206,"href":"https:\/\/elmetidosv.com\/index.php?rest_route=\/wp\/v2\/posts\/32203\/revisions\/32206"}],"wp:featuredmedia":[{"embeddable":true,"href":"https:\/\/elmetidosv.com\/index.php?rest_route=\/wp\/v2\/media\/32204"}],"wp:attachment":[{"href":"https:\/\/elmetidosv.com\/index.php?rest_route=%2Fwp%2Fv2%2Fmedia&parent=32203"}],"wp:term":[{"taxonomy":"category","embeddable":true,"href":"https:\/\/elmetidosv.com\/index.php?rest_route=%2Fwp%2Fv2%2Fcategories&post=32203"},{"taxonomy":"post_tag","embeddable":true,"href":"https:\/\/elmetidosv.com\/index.php?rest_route=%2Fwp%2Fv2%2Ftags&post=32203"}],"curies":[{"name":"wp","href":"https:\/\/api.w.org\/{rel}","templated":true}]}}