{"id":32199,"date":"2026-09-04T08:44:16","date_gmt":"2026-09-04T14:44:16","guid":{"rendered":"https:\/\/elmetidosv.com\/?p=32199"},"modified":"2026-09-04T09:22:32","modified_gmt":"2026-09-04T15:22:32","slug":"piden-la-expulsion-de-claudia-ortiz-de-vamos-en-medio-de-eleccion-interna","status":"publish","type":"post","link":"https:\/\/elmetidosv.com\/?p=32199","title":{"rendered":"PIDEN LA EXPULSI\u00d3N DE CLAUDIA ORTIZ DE VAMOS EN MEDIO DE ELECCI\u00d3N INTERNA"},"content":{"rendered":"\n<figure class=\"wp-block-gallery has-nested-images columns-default is-cropped wp-block-gallery-1 is-layout-flex wp-block-gallery-is-layout-flex\">\n<figure class=\"wp-block-image size-large\"><img loading=\"lazy\" decoding=\"async\" width=\"819\" height=\"1024\" data-id=\"32201\" src=\"https:\/\/elmetidosv.com\/wp-content\/uploads\/2026\/09\/claudia-1-819x1024.jpg\" alt=\"\" class=\"wp-image-32201\" srcset=\"https:\/\/elmetidosv.com\/wp-content\/uploads\/2026\/09\/claudia-1-819x1024.jpg 819w, https:\/\/elmetidosv.com\/wp-content\/uploads\/2026\/09\/claudia-1-240x300.jpg 240w, https:\/\/elmetidosv.com\/wp-content\/uploads\/2026\/09\/claudia-1-768x961.jpg 768w, https:\/\/elmetidosv.com\/wp-content\/uploads\/2026\/09\/claudia-1.jpg 1061w\" sizes=\"auto, (max-width: 819px) 100vw, 819px\" \/><\/figure>\n<\/figure>\n\n\n\n<p>La diputada de <strong>VAMOS, Claudia Ortiz<\/strong>, inform\u00f3 que fue notificada de un proceso iniciado ante el <strong>Tribunal de Honor<\/strong> de su partido, en el que se solicita su expulsi\u00f3n y la suspensi\u00f3n de sus derechos como afiliada.<\/p>\n\n\n\n<p>Seg\u00fan Ortiz, la medida tambi\u00e9n le impedir\u00eda participar en la actual elecci\u00f3n interna de VAMOS y ejercer como integrante del <strong>Comit\u00e9 Ejecutivo Nacional (CEN)<\/strong>.<\/p>\n\n\n\n<figure class=\"wp-block-gallery has-nested-images columns-default is-cropped wp-block-gallery-2 is-layout-flex wp-block-gallery-is-layout-flex\">\n<figure class=\"wp-block-image size-large\"><img loading=\"lazy\" decoding=\"async\" width=\"1024\" height=\"572\" data-id=\"32214\" src=\"https:\/\/elmetidosv.com\/wp-content\/uploads\/2026\/09\/VAMOS-1024x572.jpg\" alt=\"\" class=\"wp-image-32214\" srcset=\"https:\/\/elmetidosv.com\/wp-content\/uploads\/2026\/09\/VAMOS-1024x572.jpg 1024w, https:\/\/elmetidosv.com\/wp-content\/uploads\/2026\/09\/VAMOS-300x167.jpg 300w, https:\/\/elmetidosv.com\/wp-content\/uploads\/2026\/09\/VAMOS-768x429.jpg 768w, https:\/\/elmetidosv.com\/wp-content\/uploads\/2026\/09\/VAMOS.jpg 1376w\" sizes=\"auto, (max-width: 1024px) 100vw, 1024px\" \/><\/figure>\n<\/figure>\n\n\n\n<p>La diputada cuestion\u00f3 el actuar del Tribunal de Honor y se\u00f1al\u00f3 que dos de sus integrantes tendr\u00edan v\u00ednculos con personas que forman parte de la planilla que compite contra la que ella encabeza. Ante esta situaci\u00f3n, exigi\u00f3 que quienes puedan tener alg\u00fan conflicto de inter\u00e9s se aparten del proceso.<\/p>\n\n\n\n<p>\u201cSi quieren ganarnos esta elecci\u00f3n, que sea con votos, no intentando sacarnos de la competencia\u201d, afirm\u00f3 Ortiz, quien asegur\u00f3 que su planilla continuar\u00e1 realizando campa\u00f1a.<\/p>\n\n\n\n<p>\u201cQue voten los afiliados. Que decida la militancia. \u00a1Eso es democracia!\u201d, expres\u00f3 la diputada.<\/p>\n\n\n\n<p>Hasta el momento, la informaci\u00f3n corresponde a los se\u00f1alamientos realizados p\u00fablicamente por Ortiz sobre el proceso interno y la actuaci\u00f3n del Tribunal de Honor de VAMOS.<\/p>\n\n\n\n<p>PUBLICIDAD <\/p>\n\n\n\n<figure class=\"wp-block-gallery has-nested-images columns-default is-cropped wp-block-gallery-3 is-layout-flex wp-block-gallery-is-layout-flex\">\n<figure class=\"wp-block-image size-large\"><img loading=\"lazy\" decoding=\"async\" width=\"957\" height=\"960\" data-id=\"27126\" src=\"https:\/\/elmetidosv.com\/wp-content\/uploads\/2026\/05\/2D-AZUCAR.jpg\" alt=\"\" class=\"wp-image-27126\" srcset=\"https:\/\/elmetidosv.com\/wp-content\/uploads\/2026\/05\/2D-AZUCAR.jpg 957w, https:\/\/elmetidosv.com\/wp-content\/uploads\/2026\/05\/2D-AZUCAR-300x300.jpg 300w, https:\/\/elmetidosv.com\/wp-content\/uploads\/2026\/05\/2D-AZUCAR-150x150.jpg 150w, https:\/\/elmetidosv.com\/wp-content\/uploads\/2026\/05\/2D-AZUCAR-768x770.jpg 768w\" sizes=\"auto, (max-width: 957px) 100vw, 957px\" \/><\/figure>\n<\/figure>\n","protected":false},"excerpt":{"rendered":"<p>La diputada de VAMOS, Claudia Ortiz, inform\u00f3 que fue notificada de un proceso iniciado ante el Tribunal de Honor de<\/p>\n","protected":false},"author":2,"featured_media":32200,"comment_status":"closed","ping_status":"closed","sticky":false,"template":"","format":"standard","meta":{"colormag_page_container_layout":"default_layout","colormag_page_sidebar_layout":"default_layout","footnotes":""},"categories":[1],"tags":[14965,14961,14966,2086,14964,8198,31,14963,14970,11564,11146,14969,14968,10413,14967,3067,791,1672,14962,6166],"class_list":["post-32199","post","type-post","status-publish","format-standard","has-post-thumbnail","hentry","category-nacional","tag-cen","tag-claudia-ortiz","tag-comite-ejecutivo-nacional","tag-democracia","tag-derechos-politicos","tag-diputados","tag-el-salvador","tag-eleccion-interna","tag-eleccion-partidaria","tag-elecciones-internas","tag-expulsion","tag-militancia","tag-militancia-tags-claudia-ortiz","tag-noticias-nacionales-2","tag-partido-vamos","tag-partidos-politicos","tag-politica","tag-politica-salvadorena","tag-tribunal-de-honor","tag-vamos"],"_links":{"self":[{"href":"https:\/\/elmetidosv.com\/index.php?rest_route=\/wp\/v2\/posts\/32199","targetHints":{"allow":["GET"]}}],"collection":[{"href":"https:\/\/elmetidosv.com\/index.php?rest_route=\/wp\/v2\/posts"}],"about":[{"href":"https:\/\/elmetidosv.com\/index.php?rest_route=\/wp\/v2\/types\/post"}],"author":[{"embeddable":true,"href":"https:\/\/elmetidosv.com\/index.php?rest_route=\/wp\/v2\/users\/2"}],"replies":[{"embeddable":true,"href":"https:\/\/elmetidosv.com\/index.php?rest_route=%2Fwp%2Fv2%2Fcomments&post=32199"}],"version-history":[{"count":2,"href":"https:\/\/elmetidosv.com\/index.php?rest_route=\/wp\/v2\/posts\/32199\/revisions"}],"predecessor-version":[{"id":32215,"href":"https:\/\/elmetidosv.com\/index.php?rest_route=\/wp\/v2\/posts\/32199\/revisions\/32215"}],"wp:featuredmedia":[{"embeddable":true,"href":"https:\/\/elmetidosv.com\/index.php?rest_route=\/wp\/v2\/media\/32200"}],"wp:attachment":[{"href":"https:\/\/elmetidosv.com\/index.php?rest_route=%2Fwp%2Fv2%2Fmedia&parent=32199"}],"wp:term":[{"taxonomy":"category","embeddable":true,"href":"https:\/\/elmetidosv.com\/index.php?rest_route=%2Fwp%2Fv2%2Fcategories&post=32199"},{"taxonomy":"post_tag","embeddable":true,"href":"https:\/\/elmetidosv.com\/index.php?rest_route=%2Fwp%2Fv2%2Ftags&post=32199"}],"curies":[{"name":"wp","href":"https:\/\/api.w.org\/{rel}","templated":true}]}}