{"id":32196,"date":"2026-09-04T08:34:22","date_gmt":"2026-09-04T14:34:22","guid":{"rendered":"https:\/\/elmetidosv.com\/?p=32196"},"modified":"2026-09-04T08:34:22","modified_gmt":"2026-09-04T14:34:22","slug":"ice-deporta-a-guatemala-a-migrante-cinco-semanas-despues-de-casarse-con-una-ciudadana-estadounidense","status":"publish","type":"post","link":"https:\/\/elmetidosv.com\/?p=32196","title":{"rendered":"ICE DEPORTA A GUATEMALA A MIGRANTE CINCO SEMANAS DESPU\u00c9S DE CASARSE CON UNA CIUDADANA ESTADOUNIDENSE"},"content":{"rendered":"\n<p><strong>Erick Cumes<\/strong> fue deportado a Guatemala cinco semanas despu\u00e9s de contraer matrimonio con <strong>Lauren Cristal<\/strong>, ciudadana estadounidense, con quien manten\u00eda una relaci\u00f3n desde hac\u00eda varios a\u00f1os.<\/p>\n\n\n\n<p>La pareja se cas\u00f3 el <strong>4 de abril en West Virginia<\/strong>. Sin embargo, el 28 de mayo, agentes del Servicio de Inmigraci\u00f3n y Control de Aduanas (ICE) detuvieron a Cumes durante un operativo migratorio realizado en el restaurante donde trabajaba.<\/p>\n\n\n\n<p>De acuerdo con el relato de la pareja, un juez federal determin\u00f3 que el caso correspond\u00eda a <strong>West Virginia<\/strong> y orden\u00f3 que Cumes tuviera una audiencia de fianza. Posteriormente, un juez de inmigraci\u00f3n rechaz\u00f3 su solicitud de asilo y orden\u00f3 su deportaci\u00f3n.<\/p>\n\n\n\n<p>La pareja decidi\u00f3 no continuar con la apelaci\u00f3n, seg\u00fan explicaron, para evitar que Cumes permaneciera m\u00e1s tiempo bajo custodia migratoria. Esta semana fue deportado a Guatemala, donde actualmente se encuentra junto a familiares.<\/p>\n\n\n\n<p>Lauren afirm\u00f3 que su esposo sali\u00f3 de custodia enfermo, agotado y con un peso de aproximadamente <strong>123 libras<\/strong>. La ciudadana estadounidense hab\u00eda manifestado que, en caso de que Cumes fuera deportado, se trasladar\u00eda con \u00e9l a Guatemala.<\/p>\n\n\n\n<p>Ahora, seg\u00fan su propio relato, Lauren prepara sus pertenencias para mudarse a Guatemala y reunirse nuevamente con su esposo, mientras ambos buscan comenzar una nueva etapa juntos.<\/p>\n\n\n\n<p>PUBLICIDAD <\/p>\n\n\n\n<figure class=\"wp-block-gallery has-nested-images columns-default is-cropped wp-block-gallery-1 is-layout-flex wp-block-gallery-is-layout-flex\">\n<figure class=\"wp-block-image size-large\"><img loading=\"lazy\" decoding=\"async\" width=\"957\" height=\"960\" data-id=\"27126\" src=\"https:\/\/elmetidosv.com\/wp-content\/uploads\/2026\/05\/2D-AZUCAR.jpg\" alt=\"\" class=\"wp-image-27126\" srcset=\"https:\/\/elmetidosv.com\/wp-content\/uploads\/2026\/05\/2D-AZUCAR.jpg 957w, https:\/\/elmetidosv.com\/wp-content\/uploads\/2026\/05\/2D-AZUCAR-300x300.jpg 300w, https:\/\/elmetidosv.com\/wp-content\/uploads\/2026\/05\/2D-AZUCAR-150x150.jpg 150w, https:\/\/elmetidosv.com\/wp-content\/uploads\/2026\/05\/2D-AZUCAR-768x770.jpg 768w\" sizes=\"auto, (max-width: 957px) 100vw, 957px\" \/><\/figure>\n<\/figure>\n","protected":false},"excerpt":{"rendered":"<p>Erick Cumes fue deportado a Guatemala cinco semanas despu\u00e9s de contraer matrimonio con Lauren Cristal, ciudadana estadounidense, con quien manten\u00eda<\/p>\n","protected":false},"author":2,"featured_media":32197,"comment_status":"closed","ping_status":"","sticky":false,"template":"","format":"standard","meta":{"colormag_page_container_layout":"default_layout","colormag_page_sidebar_layout":"default_layout","footnotes":""},"categories":[8383],"tags":[1231,9626,2195,14958,19,11904,167,14,1228,14960,14957,1976,26,2475,2215,5175,2014,14959],"class_list":["post-32196","post","type-post","status-publish","format-standard","has-post-thumbnail","hentry","category-inmigracion","tag-asilo","tag-ciudadano-estadounidense","tag-deportacion","tag-erick-cumes","tag-estados-unidos","tag-estados-unidos-tags-ice-2","tag-guatemala","tag-ice","tag-inmigracion","tag-juez-de-inmigracion","tag-lauren-cristal","tag-matrimonio","tag-migracion","tag-migracion-irregular","tag-migrantes","tag-noticias-internacionales-2","tag-politica-migratoria","tag-west-virginia"],"_links":{"self":[{"href":"https:\/\/elmetidosv.com\/index.php?rest_route=\/wp\/v2\/posts\/32196","targetHints":{"allow":["GET"]}}],"collection":[{"href":"https:\/\/elmetidosv.com\/index.php?rest_route=\/wp\/v2\/posts"}],"about":[{"href":"https:\/\/elmetidosv.com\/index.php?rest_route=\/wp\/v2\/types\/post"}],"author":[{"embeddable":true,"href":"https:\/\/elmetidosv.com\/index.php?rest_route=\/wp\/v2\/users\/2"}],"replies":[{"embeddable":true,"href":"https:\/\/elmetidosv.com\/index.php?rest_route=%2Fwp%2Fv2%2Fcomments&post=32196"}],"version-history":[{"count":1,"href":"https:\/\/elmetidosv.com\/index.php?rest_route=\/wp\/v2\/posts\/32196\/revisions"}],"predecessor-version":[{"id":32198,"href":"https:\/\/elmetidosv.com\/index.php?rest_route=\/wp\/v2\/posts\/32196\/revisions\/32198"}],"wp:featuredmedia":[{"embeddable":true,"href":"https:\/\/elmetidosv.com\/index.php?rest_route=\/wp\/v2\/media\/32197"}],"wp:attachment":[{"href":"https:\/\/elmetidosv.com\/index.php?rest_route=%2Fwp%2Fv2%2Fmedia&parent=32196"}],"wp:term":[{"taxonomy":"category","embeddable":true,"href":"https:\/\/elmetidosv.com\/index.php?rest_route=%2Fwp%2Fv2%2Fcategories&post=32196"},{"taxonomy":"post_tag","embeddable":true,"href":"https:\/\/elmetidosv.com\/index.php?rest_route=%2Fwp%2Fv2%2Ftags&post=32196"}],"curies":[{"name":"wp","href":"https:\/\/api.w.org\/{rel}","templated":true}]}}