{"id":32189,"date":"2026-09-04T08:29:00","date_gmt":"2026-09-04T14:29:00","guid":{"rendered":"https:\/\/elmetidosv.com\/?p=32189"},"modified":"2026-09-04T08:29:00","modified_gmt":"2026-09-04T14:29:00","slug":"alcalde-gustavo-acevedo-destaca-entrega-de-capital-semilla-a-emprendedoras-santanecas","status":"publish","type":"post","link":"https:\/\/elmetidosv.com\/?p=32189","title":{"rendered":"ALCALDE GUSTAVO ACEVEDO DESTACA ENTREGA DE CAPITAL SEMILLA A EMPRENDEDORAS SANTANECAS"},"content":{"rendered":"\n<figure class=\"wp-block-gallery has-nested-images columns-default is-cropped wp-block-gallery-1 is-layout-flex wp-block-gallery-is-layout-flex\">\n<figure class=\"wp-block-image size-large\"><img loading=\"lazy\" decoding=\"async\" width=\"1024\" height=\"684\" data-id=\"32191\" src=\"https:\/\/elmetidosv.com\/wp-content\/uploads\/2026\/09\/gus-2-2-1024x684.jpg\" alt=\"\" class=\"wp-image-32191\" srcset=\"https:\/\/elmetidosv.com\/wp-content\/uploads\/2026\/09\/gus-2-2-1024x684.jpg 1024w, https:\/\/elmetidosv.com\/wp-content\/uploads\/2026\/09\/gus-2-2-300x200.jpg 300w, https:\/\/elmetidosv.com\/wp-content\/uploads\/2026\/09\/gus-2-2-768x513.jpg 768w, https:\/\/elmetidosv.com\/wp-content\/uploads\/2026\/09\/gus-2-2-1536x1026.jpg 1536w, https:\/\/elmetidosv.com\/wp-content\/uploads\/2026\/09\/gus-2-2.jpg 1600w\" sizes=\"auto, (max-width: 1024px) 100vw, 1024px\" \/><\/figure>\n<\/figure>\n\n\n\n<p>El alcalde de <strong>Santa Ana Centro, Gustavo Acevedo<\/strong>, destac\u00f3 a trav\u00e9s de sus redes sociales el acompa\u00f1amiento brindado a un grupo de emprendedoras santanecas que recibieron <strong>capital semilla<\/strong> para fortalecer e impulsar sus negocios.<\/p>\n\n\n\n<p>De acuerdo con el edil, este apoyo es resultado del trabajo articulado entre el <strong>Gobierno del presidente Nayib Bukele, CONAMYPE, la Uni\u00f3n Europea y la Agencia Espa\u00f1ola de Cooperaci\u00f3n Internacional para el Desarrollo (AECID)<\/strong>.<\/p>\n\n\n\n<figure class=\"wp-block-gallery has-nested-images columns-default is-cropped wp-block-gallery-2 is-layout-flex wp-block-gallery-is-layout-flex\">\n<figure class=\"wp-block-image size-large\"><img loading=\"lazy\" decoding=\"async\" width=\"1024\" height=\"684\" data-id=\"32192\" src=\"https:\/\/elmetidosv.com\/wp-content\/uploads\/2026\/09\/gus-3-2-1024x684.jpg\" alt=\"\" class=\"wp-image-32192\" srcset=\"https:\/\/elmetidosv.com\/wp-content\/uploads\/2026\/09\/gus-3-2-1024x684.jpg 1024w, https:\/\/elmetidosv.com\/wp-content\/uploads\/2026\/09\/gus-3-2-300x200.jpg 300w, https:\/\/elmetidosv.com\/wp-content\/uploads\/2026\/09\/gus-3-2-768x513.jpg 768w, https:\/\/elmetidosv.com\/wp-content\/uploads\/2026\/09\/gus-3-2-1536x1026.jpg 1536w, https:\/\/elmetidosv.com\/wp-content\/uploads\/2026\/09\/gus-3-2.jpg 1600w\" sizes=\"auto, (max-width: 1024px) 100vw, 1024px\" \/><\/figure>\n<\/figure>\n\n\n\n<p>Acevedo se\u00f1al\u00f3 que alrededor de <strong>20 mujeres santanecas<\/strong> ser\u00e1n beneficiadas con este respaldo, cuyo objetivo es contribuir al crecimiento de sus emprendimientos y generar nuevas oportunidades para ellas, sus familias y sus comunidades.<\/p>\n\n\n\n<p>El alcalde tambi\u00e9n reiter\u00f3 que la municipalidad continuar\u00e1 respaldando al sector femenino mediante la <strong>Unidad de la Mujer<\/strong>, promoviendo espacios y oportunidades que permitan a las santanecas fortalecer su autonom\u00eda econ\u00f3mica y avanzar en el cumplimiento de sus metas.<\/p>\n\n\n\n<p>\u201cSeguimos trabajando de la mano para fortalecer la autonom\u00eda econ\u00f3mica de las mujeres santanecas\u201d, expres\u00f3 Acevedo en su publicaci\u00f3n.<\/p>\n\n\n\n<figure class=\"wp-block-gallery has-nested-images columns-default is-cropped wp-block-gallery-3 is-layout-flex wp-block-gallery-is-layout-flex\">\n<figure class=\"wp-block-image size-large\"><img loading=\"lazy\" decoding=\"async\" width=\"1024\" height=\"684\" data-id=\"32193\" src=\"https:\/\/elmetidosv.com\/wp-content\/uploads\/2026\/09\/gus-4-2-1024x684.jpg\" alt=\"\" class=\"wp-image-32193\" srcset=\"https:\/\/elmetidosv.com\/wp-content\/uploads\/2026\/09\/gus-4-2-1024x684.jpg 1024w, https:\/\/elmetidosv.com\/wp-content\/uploads\/2026\/09\/gus-4-2-300x200.jpg 300w, https:\/\/elmetidosv.com\/wp-content\/uploads\/2026\/09\/gus-4-2-768x513.jpg 768w, https:\/\/elmetidosv.com\/wp-content\/uploads\/2026\/09\/gus-4-2-1536x1026.jpg 1536w, https:\/\/elmetidosv.com\/wp-content\/uploads\/2026\/09\/gus-4-2.jpg 1600w\" sizes=\"auto, (max-width: 1024px) 100vw, 1024px\" \/><\/figure>\n<\/figure>\n\n\n\n<figure class=\"wp-block-gallery has-nested-images columns-default is-cropped wp-block-gallery-4 is-layout-flex wp-block-gallery-is-layout-flex\">\n<figure class=\"wp-block-image size-large\"><img loading=\"lazy\" decoding=\"async\" width=\"1024\" height=\"684\" data-id=\"32194\" src=\"https:\/\/elmetidosv.com\/wp-content\/uploads\/2026\/09\/gus-5-1024x684.jpg\" alt=\"\" class=\"wp-image-32194\" srcset=\"https:\/\/elmetidosv.com\/wp-content\/uploads\/2026\/09\/gus-5-1024x684.jpg 1024w, https:\/\/elmetidosv.com\/wp-content\/uploads\/2026\/09\/gus-5-300x200.jpg 300w, https:\/\/elmetidosv.com\/wp-content\/uploads\/2026\/09\/gus-5-768x513.jpg 768w, https:\/\/elmetidosv.com\/wp-content\/uploads\/2026\/09\/gus-5-1536x1026.jpg 1536w, https:\/\/elmetidosv.com\/wp-content\/uploads\/2026\/09\/gus-5.jpg 1600w\" sizes=\"auto, (max-width: 1024px) 100vw, 1024px\" \/><\/figure>\n<\/figure>\n","protected":false},"excerpt":{"rendered":"<p>El alcalde de Santa Ana Centro, Gustavo Acevedo, destac\u00f3 a trav\u00e9s de sus redes sociales el acompa\u00f1amiento brindado a un<\/p>\n","protected":false},"author":2,"featured_media":32190,"comment_status":"closed","ping_status":"","sticky":false,"template":"","format":"standard","meta":{"colormag_page_container_layout":"default_layout","colormag_page_sidebar_layout":"default_layout","footnotes":""},"categories":[1],"tags":[14953,14951,14948,14952,9778,9006,14956,14950,9782,13710,14955,14949,552,14877,14954,3174],"class_list":["post-32189","post","type-post","status-publish","format-standard","has-post-thumbnail","hentry","category-nacional","tag-aecid","tag-autonomia-economica","tag-capital-semilla","tag-conamype","tag-desarrollo-local","tag-el-salvador-2","tag-emprendedoras","tag-emprendedoras-santanecas","tag-emprendimiento","tag-gustavo-acevedo","tag-mujeres","tag-mujeres-emprendedoras","tag-santa-ana-centro","tag-santa-ana-tags-santa-ana-centro","tag-unidad-de-la-mujer","tag-union-europea"],"_links":{"self":[{"href":"https:\/\/elmetidosv.com\/index.php?rest_route=\/wp\/v2\/posts\/32189","targetHints":{"allow":["GET"]}}],"collection":[{"href":"https:\/\/elmetidosv.com\/index.php?rest_route=\/wp\/v2\/posts"}],"about":[{"href":"https:\/\/elmetidosv.com\/index.php?rest_route=\/wp\/v2\/types\/post"}],"author":[{"embeddable":true,"href":"https:\/\/elmetidosv.com\/index.php?rest_route=\/wp\/v2\/users\/2"}],"replies":[{"embeddable":true,"href":"https:\/\/elmetidosv.com\/index.php?rest_route=%2Fwp%2Fv2%2Fcomments&post=32189"}],"version-history":[{"count":1,"href":"https:\/\/elmetidosv.com\/index.php?rest_route=\/wp\/v2\/posts\/32189\/revisions"}],"predecessor-version":[{"id":32195,"href":"https:\/\/elmetidosv.com\/index.php?rest_route=\/wp\/v2\/posts\/32189\/revisions\/32195"}],"wp:featuredmedia":[{"embeddable":true,"href":"https:\/\/elmetidosv.com\/index.php?rest_route=\/wp\/v2\/media\/32190"}],"wp:attachment":[{"href":"https:\/\/elmetidosv.com\/index.php?rest_route=%2Fwp%2Fv2%2Fmedia&parent=32189"}],"wp:term":[{"taxonomy":"category","embeddable":true,"href":"https:\/\/elmetidosv.com\/index.php?rest_route=%2Fwp%2Fv2%2Fcategories&post=32189"},{"taxonomy":"post_tag","embeddable":true,"href":"https:\/\/elmetidosv.com\/index.php?rest_route=%2Fwp%2Fv2%2Ftags&post=32189"}],"curies":[{"name":"wp","href":"https:\/\/api.w.org\/{rel}","templated":true}]}}