{"id":32186,"date":"2026-09-03T13:18:52","date_gmt":"2026-09-03T19:18:52","guid":{"rendered":"https:\/\/elmetidosv.com\/?p=32186"},"modified":"2026-09-03T13:18:52","modified_gmt":"2026-09-03T19:18:52","slug":"estados-unidos-envia-nuevo-vuelo-con-78-deportados-a-haiti-tras-expiracion-del-tps","status":"publish","type":"post","link":"https:\/\/elmetidosv.com\/?p=32186","title":{"rendered":"ESTADOS UNIDOS ENV\u00cdA NUEVO VUELO CON 78 DEPORTADOS A HAIT\u00cd TRAS EXPIRACI\u00d3N DEL TPS"},"content":{"rendered":"\n<p>El Gobierno de Estados Unidos envi\u00f3 este jueves un nuevo vuelo con <strong>78 personas deportadas a Hait\u00ed<\/strong>, en el que representa el tercer traslado de este tipo desde que expir\u00f3 en julio el <strong>Estatus de Protecci\u00f3n Temporal (TPS)<\/strong> que imped\u00eda su expulsi\u00f3n.<\/p>\n\n\n\n<p>El secretario del Departamento de Seguridad Nacional (DHS), <strong>Markwayne Mullin<\/strong>, inform\u00f3 sobre el traslado a trav\u00e9s de la red social X, donde public\u00f3 un mensaje anunciando el vuelo con destino a Hait\u00ed.<\/p>\n\n\n\n<p>La aeronave despeg\u00f3 a las <strong>11:00 de la ma\u00f1ana, hora local<\/strong>, desde el aeropuerto ejecutivo de <strong>Opa-Locka, en el sur de Florida<\/strong>, con destino a <strong>Cap-Haitien<\/strong>, la segunda ciudad m\u00e1s grande de Hait\u00ed.<\/p>\n\n\n\n<p>La informaci\u00f3n sobre el vuelo fue reportada por <strong>ICE Flight Monitor<\/strong>, una iniciativa humanitaria que da seguimiento a los vuelos de deportaci\u00f3n. El traslado se produce en medio de los cambios en la pol\u00edtica migratoria estadounidense y de la expiraci\u00f3n del TPS para ciudadanos haitianos.<\/p>\n\n\n\n<figure class=\"wp-block-gallery has-nested-images columns-default is-cropped wp-block-gallery-1 is-layout-flex wp-block-gallery-is-layout-flex\">\n<figure class=\"wp-block-image size-large\"><img loading=\"lazy\" decoding=\"async\" width=\"957\" height=\"960\" data-id=\"27126\" src=\"https:\/\/elmetidosv.com\/wp-content\/uploads\/2026\/05\/2D-AZUCAR.jpg\" alt=\"\" class=\"wp-image-27126\" srcset=\"https:\/\/elmetidosv.com\/wp-content\/uploads\/2026\/05\/2D-AZUCAR.jpg 957w, https:\/\/elmetidosv.com\/wp-content\/uploads\/2026\/05\/2D-AZUCAR-300x300.jpg 300w, https:\/\/elmetidosv.com\/wp-content\/uploads\/2026\/05\/2D-AZUCAR-150x150.jpg 150w, https:\/\/elmetidosv.com\/wp-content\/uploads\/2026\/05\/2D-AZUCAR-768x770.jpg 768w\" sizes=\"auto, (max-width: 957px) 100vw, 957px\" \/><\/figure>\n<\/figure>\n","protected":false},"excerpt":{"rendered":"<p>El Gobierno de Estados Unidos envi\u00f3 este jueves un nuevo vuelo con 78 personas deportadas a Hait\u00ed, en el que<\/p>\n","protected":false},"author":2,"featured_media":32187,"comment_status":"closed","ping_status":"","sticky":false,"template":"","format":"standard","meta":{"colormag_page_container_layout":"default_layout","colormag_page_sidebar_layout":"default_layout","footnotes":""},"categories":[8383],"tags":[14947,92,14946,2208,19,12083,3621,5726,14,1228,11073,10216,2215,5175,9094,2014,5713],"class_list":["post-32186","post","type-post","status-publish","format-standard","has-post-thumbnail","hentry","category-inmigracion","tag-cap-haitien","tag-deportaciones","tag-deportados-a-haiti","tag-dhs","tag-estados-unidos","tag-estatus-de-proteccion-temporal","tag-florida","tag-haiti","tag-ice","tag-inmigracion","tag-inmigracion-tags-estados-unidos-2","tag-markwayne-mullin","tag-migrantes","tag-noticias-internacionales-2","tag-opa-locka","tag-politica-migratoria","tag-tps"],"_links":{"self":[{"href":"https:\/\/elmetidosv.com\/index.php?rest_route=\/wp\/v2\/posts\/32186","targetHints":{"allow":["GET"]}}],"collection":[{"href":"https:\/\/elmetidosv.com\/index.php?rest_route=\/wp\/v2\/posts"}],"about":[{"href":"https:\/\/elmetidosv.com\/index.php?rest_route=\/wp\/v2\/types\/post"}],"author":[{"embeddable":true,"href":"https:\/\/elmetidosv.com\/index.php?rest_route=\/wp\/v2\/users\/2"}],"replies":[{"embeddable":true,"href":"https:\/\/elmetidosv.com\/index.php?rest_route=%2Fwp%2Fv2%2Fcomments&post=32186"}],"version-history":[{"count":1,"href":"https:\/\/elmetidosv.com\/index.php?rest_route=\/wp\/v2\/posts\/32186\/revisions"}],"predecessor-version":[{"id":32188,"href":"https:\/\/elmetidosv.com\/index.php?rest_route=\/wp\/v2\/posts\/32186\/revisions\/32188"}],"wp:featuredmedia":[{"embeddable":true,"href":"https:\/\/elmetidosv.com\/index.php?rest_route=\/wp\/v2\/media\/32187"}],"wp:attachment":[{"href":"https:\/\/elmetidosv.com\/index.php?rest_route=%2Fwp%2Fv2%2Fmedia&parent=32186"}],"wp:term":[{"taxonomy":"category","embeddable":true,"href":"https:\/\/elmetidosv.com\/index.php?rest_route=%2Fwp%2Fv2%2Fcategories&post=32186"},{"taxonomy":"post_tag","embeddable":true,"href":"https:\/\/elmetidosv.com\/index.php?rest_route=%2Fwp%2Fv2%2Ftags&post=32186"}],"curies":[{"name":"wp","href":"https:\/\/api.w.org\/{rel}","templated":true}]}}