{"id":32181,"date":"2026-09-03T12:23:35","date_gmt":"2026-09-03T18:23:35","guid":{"rendered":"https:\/\/elmetidosv.com\/?p=32181"},"modified":"2026-09-03T12:23:35","modified_gmt":"2026-09-03T18:23:35","slug":"identificaron-a-la-persona-que-fallecio-en-fuerte-accidente-de-transito-en-usulutan","status":"publish","type":"post","link":"https:\/\/elmetidosv.com\/?p=32181","title":{"rendered":"IDENTIFICARON A LA PERSONA QUE FALLECI\u00d3 EN FUERTE ACCIDENTE DE TR\u00c1NSITO EN USULUT\u00c1N"},"content":{"rendered":"\n<figure class=\"wp-block-gallery has-nested-images columns-default is-cropped wp-block-gallery-1 is-layout-flex wp-block-gallery-is-layout-flex\">\n<figure class=\"wp-block-image size-large\"><img loading=\"lazy\" decoding=\"async\" width=\"1024\" height=\"552\" data-id=\"32183\" src=\"https:\/\/elmetidosv.com\/wp-content\/uploads\/2026\/09\/MUERTA-2-1024x552.jpg\" alt=\"\" class=\"wp-image-32183\" srcset=\"https:\/\/elmetidosv.com\/wp-content\/uploads\/2026\/09\/MUERTA-2-1024x552.jpg 1024w, https:\/\/elmetidosv.com\/wp-content\/uploads\/2026\/09\/MUERTA-2-300x162.jpg 300w, https:\/\/elmetidosv.com\/wp-content\/uploads\/2026\/09\/MUERTA-2-768x414.jpg 768w, https:\/\/elmetidosv.com\/wp-content\/uploads\/2026\/09\/MUERTA-2.jpg 1260w\" sizes=\"auto, (max-width: 1024px) 100vw, 1024px\" \/><\/figure>\n<\/figure>\n\n\n\n<p>Una persona perdi\u00f3 la vida esta tarde tras registrarse un fuerte accidente de tr\u00e1nsito sobre la <strong>carretera Litoral<\/strong>, en el departamento de Usulut\u00e1n.<\/p>\n\n\n\n<p>La v\u00edctima fue identificada como <strong>Francisca Navarrete Delgado<\/strong>, originaria de <strong>San Francisco Javier, Usulut\u00e1n<\/strong>.<\/p>\n\n\n\n<p>De acuerdo con informaci\u00f3n preliminar, el veh\u00edculo en el que se conduc\u00eda impact\u00f3 contra un cami\u00f3n de carga pesada en las cercan\u00edas del <strong>desv\u00edo hacia la hacienda La Carrera<\/strong>.<\/p>\n\n\n\n<p>El percance gener\u00f3 alarma entre los conductores que transitaban por el sector y provoc\u00f3 afectaciones en la circulaci\u00f3n vehicular mientras se atend\u00eda la emergencia.<\/p>\n\n\n\n<p>Las autoridades correspondientes deber\u00e1n establecer las circunstancias en las que ocurri\u00f3 el accidente.<\/p>\n\n\n\n<figure class=\"wp-block-gallery has-nested-images columns-default is-cropped wp-block-gallery-2 is-layout-flex wp-block-gallery-is-layout-flex\">\n<figure class=\"wp-block-image size-large\"><img loading=\"lazy\" decoding=\"async\" width=\"1024\" height=\"755\" data-id=\"32184\" src=\"https:\/\/elmetidosv.com\/wp-content\/uploads\/2026\/09\/MUERTA-3-1024x755.jpg\" alt=\"\" class=\"wp-image-32184\" srcset=\"https:\/\/elmetidosv.com\/wp-content\/uploads\/2026\/09\/MUERTA-3-1024x755.jpg 1024w, https:\/\/elmetidosv.com\/wp-content\/uploads\/2026\/09\/MUERTA-3-300x221.jpg 300w, https:\/\/elmetidosv.com\/wp-content\/uploads\/2026\/09\/MUERTA-3-768x566.jpg 768w, https:\/\/elmetidosv.com\/wp-content\/uploads\/2026\/09\/MUERTA-3-1536x1133.jpg 1536w, https:\/\/elmetidosv.com\/wp-content\/uploads\/2026\/09\/MUERTA-3.jpg 2048w\" sizes=\"auto, (max-width: 1024px) 100vw, 1024px\" \/><\/figure>\n<\/figure>\n","protected":false},"excerpt":{"rendered":"<p>Una persona perdi\u00f3 la vida esta tarde tras registrarse un fuerte accidente de tr\u00e1nsito sobre la carretera Litoral, en el<\/p>\n","protected":false},"author":2,"featured_media":32182,"comment_status":"closed","ping_status":"","sticky":false,"template":"","format":"standard","meta":{"colormag_page_container_layout":"default_layout","colormag_page_sidebar_layout":"default_layout","footnotes":""},"categories":[1],"tags":[261,110,2058,11545,1103,12670,330,6368,14945,11244,221,499,456,8501,122,120,11037,99,3458],"class_list":["post-32181","post","type-post","status-publish","format-standard","has-post-thumbnail","hentry","category-nacional","tag-accidente","tag-accidente-de-transito","tag-camion","tag-camion-de-carga","tag-carretera-litoral","tag-el-salvador-tags-usulutan","tag-emergencia","tag-fallecida","tag-francisca-navarrete-delgado","tag-hacienda-la-carrera","tag-noticias-de-el-salvador","tag-percance-vial","tag-persona-fallecida","tag-san-francisco-javier","tag-seguridad-vial","tag-transito","tag-ultima-hora-3","tag-usulutan","tag-vehiculo"],"_links":{"self":[{"href":"https:\/\/elmetidosv.com\/index.php?rest_route=\/wp\/v2\/posts\/32181","targetHints":{"allow":["GET"]}}],"collection":[{"href":"https:\/\/elmetidosv.com\/index.php?rest_route=\/wp\/v2\/posts"}],"about":[{"href":"https:\/\/elmetidosv.com\/index.php?rest_route=\/wp\/v2\/types\/post"}],"author":[{"embeddable":true,"href":"https:\/\/elmetidosv.com\/index.php?rest_route=\/wp\/v2\/users\/2"}],"replies":[{"embeddable":true,"href":"https:\/\/elmetidosv.com\/index.php?rest_route=%2Fwp%2Fv2%2Fcomments&post=32181"}],"version-history":[{"count":1,"href":"https:\/\/elmetidosv.com\/index.php?rest_route=\/wp\/v2\/posts\/32181\/revisions"}],"predecessor-version":[{"id":32185,"href":"https:\/\/elmetidosv.com\/index.php?rest_route=\/wp\/v2\/posts\/32181\/revisions\/32185"}],"wp:featuredmedia":[{"embeddable":true,"href":"https:\/\/elmetidosv.com\/index.php?rest_route=\/wp\/v2\/media\/32182"}],"wp:attachment":[{"href":"https:\/\/elmetidosv.com\/index.php?rest_route=%2Fwp%2Fv2%2Fmedia&parent=32181"}],"wp:term":[{"taxonomy":"category","embeddable":true,"href":"https:\/\/elmetidosv.com\/index.php?rest_route=%2Fwp%2Fv2%2Fcategories&post=32181"},{"taxonomy":"post_tag","embeddable":true,"href":"https:\/\/elmetidosv.com\/index.php?rest_route=%2Fwp%2Fv2%2Ftags&post=32181"}],"curies":[{"name":"wp","href":"https:\/\/api.w.org\/{rel}","templated":true}]}}