{"id":32178,"date":"2026-09-03T12:04:15","date_gmt":"2026-09-03T18:04:15","guid":{"rendered":"https:\/\/elmetidosv.com\/?p=32178"},"modified":"2026-09-03T12:04:15","modified_gmt":"2026-09-03T18:04:15","slug":"reportan-supuesta-captura-de-una-menor-en-ciudad-real-san-sebastian-salitrillo","status":"publish","type":"post","link":"https:\/\/elmetidosv.com\/?p=32178","title":{"rendered":"REPORTAN SUPUESTA CAPTURA DE UNA MENOR EN CIUDAD REAL, SAN SEBASTI\u00c1N SALITRILLO"},"content":{"rendered":"\n<p>En redes sociales circula informaci\u00f3n sobre la supuesta captura de una adolescente durante un procedimiento policial realizado este mi\u00e9rcoles en un colegio privado de la residencial <strong>Ciudad Real<\/strong>, en el distrito de San Sebasti\u00e1n Salitrillo, Santa Ana Oeste.<\/p>\n\n\n\n<p>De manera preliminar, algunos reportes se\u00f1alan que la menor habr\u00eda sido intervenida debido a publicaciones en Instagram que presuntamente estar\u00edan relacionadas con la pandilla 18. Esta informaci\u00f3n, sin embargo, <strong>no ha sido confirmada oficialmente por las autoridades<\/strong>.<\/p>\n\n\n\n<p>Seg\u00fan versiones que circulan en redes sociales, las autoridades del centro educativo habr\u00edan contactado a la madre de la estudiante y a la Polic\u00eda. Durante el procedimiento, los agentes habr\u00edan verificado los documentos de la progenitora y, de acuerdo con esos relatos, el sistema habr\u00eda alertado sobre una supuesta orden de captura vigente en su contra.<\/p>\n\n\n\n<p>La mujer habr\u00eda sido trasladada a una dependencia policial junto con la adolescente. No obstante, hasta el momento no existe informaci\u00f3n oficial que confirme las circunstancias de la intervenci\u00f3n, los motivos de una eventual detenci\u00f3n de la madre ni la situaci\u00f3n jur\u00eddica de ambas.<\/p>\n\n\n\n<p>Se mantiene a la espera de informaci\u00f3n oficial que permita esclarecer lo ocurrido.<\/p>\n","protected":false},"excerpt":{"rendered":"<p>En redes sociales circula informaci\u00f3n sobre la supuesta captura de una adolescente durante un procedimiento policial realizado este mi\u00e9rcoles en<\/p>\n","protected":false},"author":2,"featured_media":32179,"comment_status":"closed","ping_status":"","sticky":false,"template":"","format":"standard","meta":{"colormag_page_container_layout":"default_layout","colormag_page_sidebar_layout":"default_layout","footnotes":""},"categories":[1],"tags":[3499,168,3552,14944,14943,31,11660,3119,134,10413,2758,85,361,2955,3396,33,2299,93],"class_list":["post-32178","post","type-post","status-publish","format-standard","has-post-thumbnail","hentry","category-nacional","tag-adolescente","tag-captura","tag-ciudad-real","tag-colegio","tag-colegio-privado","tag-el-salvador","tag-el-salvador-tags-ciudad-real","tag-instagram","tag-menor-de-edad","tag-noticias-nacionales-2","tag-orden-de-captura","tag-pnc","tag-policia-nacional-civil","tag-procedimiento-policial","tag-san-sebastian-salitrillo","tag-santa-ana","tag-santa-ana-oeste","tag-seguridad"],"_links":{"self":[{"href":"https:\/\/elmetidosv.com\/index.php?rest_route=\/wp\/v2\/posts\/32178","targetHints":{"allow":["GET"]}}],"collection":[{"href":"https:\/\/elmetidosv.com\/index.php?rest_route=\/wp\/v2\/posts"}],"about":[{"href":"https:\/\/elmetidosv.com\/index.php?rest_route=\/wp\/v2\/types\/post"}],"author":[{"embeddable":true,"href":"https:\/\/elmetidosv.com\/index.php?rest_route=\/wp\/v2\/users\/2"}],"replies":[{"embeddable":true,"href":"https:\/\/elmetidosv.com\/index.php?rest_route=%2Fwp%2Fv2%2Fcomments&post=32178"}],"version-history":[{"count":1,"href":"https:\/\/elmetidosv.com\/index.php?rest_route=\/wp\/v2\/posts\/32178\/revisions"}],"predecessor-version":[{"id":32180,"href":"https:\/\/elmetidosv.com\/index.php?rest_route=\/wp\/v2\/posts\/32178\/revisions\/32180"}],"wp:featuredmedia":[{"embeddable":true,"href":"https:\/\/elmetidosv.com\/index.php?rest_route=\/wp\/v2\/media\/32179"}],"wp:attachment":[{"href":"https:\/\/elmetidosv.com\/index.php?rest_route=%2Fwp%2Fv2%2Fmedia&parent=32178"}],"wp:term":[{"taxonomy":"category","embeddable":true,"href":"https:\/\/elmetidosv.com\/index.php?rest_route=%2Fwp%2Fv2%2Fcategories&post=32178"},{"taxonomy":"post_tag","embeddable":true,"href":"https:\/\/elmetidosv.com\/index.php?rest_route=%2Fwp%2Fv2%2Ftags&post=32178"}],"curies":[{"name":"wp","href":"https:\/\/api.w.org\/{rel}","templated":true}]}}