{"id":32170,"date":"2026-09-03T11:12:12","date_gmt":"2026-09-03T17:12:12","guid":{"rendered":"https:\/\/elmetidosv.com\/?p=32170"},"modified":"2026-09-03T11:12:12","modified_gmt":"2026-09-03T17:12:12","slug":"adolescente-es-capturado-con-cocaina-y-marihuana-en-ilopango","status":"publish","type":"post","link":"https:\/\/elmetidosv.com\/?p=32170","title":{"rendered":"ADOLESCENTE ES CAPTURADO CON COCA\u00cdNA Y MARIHUANA EN ILOPANGO"},"content":{"rendered":"\n<p>La <strong>Polic\u00eda Nacional Civil (PNC)<\/strong> inform\u00f3 sobre la captura de un adolescente de <strong>16 a\u00f1os<\/strong>, identificado como <strong>Jeffry Alexander Rodr\u00edguez Rodr\u00edguez<\/strong>, durante un procedimiento realizado en el reparto Las Ca\u00f1as, distrito de Ilopango, San Salvador Este.<\/p>\n\n\n\n<p>Seg\u00fan la instituci\u00f3n policial, al joven se le incautaron varias porciones de <strong>coca\u00edna y marihuana<\/strong>, adem\u00e1s de dinero en efectivo, una balanza digital y un tel\u00e9fono celular.<\/p>\n\n\n\n<p>La captura se realiz\u00f3 como resultado de labores de <strong>Inteligencia Policial<\/strong>. El adolescente ser\u00e1 remitido ante las autoridades correspondientes por el delito de <strong>posesi\u00f3n y tenencia con fines de tr\u00e1fico<\/strong>, mientras contin\u00faa el proceso establecido por la ley.<\/p>\n\n\n\n<figure class=\"wp-block-gallery has-nested-images columns-default is-cropped wp-block-gallery-1 is-layout-flex wp-block-gallery-is-layout-flex\">\n<figure class=\"wp-block-image size-large\"><img loading=\"lazy\" decoding=\"async\" width=\"542\" height=\"700\" data-id=\"32172\" src=\"https:\/\/elmetidosv.com\/wp-content\/uploads\/2026\/09\/DROGA-2.jpg\" alt=\"\" class=\"wp-image-32172\" srcset=\"https:\/\/elmetidosv.com\/wp-content\/uploads\/2026\/09\/DROGA-2.jpg 542w, https:\/\/elmetidosv.com\/wp-content\/uploads\/2026\/09\/DROGA-2-232x300.jpg 232w\" sizes=\"auto, (max-width: 542px) 100vw, 542px\" \/><\/figure>\n<\/figure>\n","protected":false},"excerpt":{"rendered":"<p>La Polic\u00eda Nacional Civil (PNC) inform\u00f3 sobre la captura de un adolescente de 16 a\u00f1os, identificado como Jeffry Alexander Rodr\u00edguez<\/p>\n","protected":false},"author":2,"featured_media":32171,"comment_status":"closed","ping_status":"","sticky":false,"template":"","format":"standard","meta":{"colormag_page_container_layout":"default_layout","colormag_page_sidebar_layout":"default_layout","footnotes":""},"categories":[1],"tags":[3499,14936,168,1997,1445,14938,31,14939,798,8139,14937,1307,10413,85,13560,794,93,1303],"class_list":["post-32170","post","type-post","status-publish","format-standard","has-post-thumbnail","hentry","category-nacional","tag-adolescente","tag-adolescente-capturado","tag-captura","tag-cocaina","tag-drogas","tag-drogas-tags-ilopango","tag-el-salvador","tag-fines-de-trafico","tag-ilopango","tag-inteligencia-policial","tag-jeffry-alexander-rodriguez-rodriguez","tag-marihuana","tag-noticias-nacionales-2","tag-pnc","tag-posesion-y-tenencia","tag-san-salvador-este","tag-seguridad","tag-trafico-de-drogas"],"_links":{"self":[{"href":"https:\/\/elmetidosv.com\/index.php?rest_route=\/wp\/v2\/posts\/32170","targetHints":{"allow":["GET"]}}],"collection":[{"href":"https:\/\/elmetidosv.com\/index.php?rest_route=\/wp\/v2\/posts"}],"about":[{"href":"https:\/\/elmetidosv.com\/index.php?rest_route=\/wp\/v2\/types\/post"}],"author":[{"embeddable":true,"href":"https:\/\/elmetidosv.com\/index.php?rest_route=\/wp\/v2\/users\/2"}],"replies":[{"embeddable":true,"href":"https:\/\/elmetidosv.com\/index.php?rest_route=%2Fwp%2Fv2%2Fcomments&post=32170"}],"version-history":[{"count":1,"href":"https:\/\/elmetidosv.com\/index.php?rest_route=\/wp\/v2\/posts\/32170\/revisions"}],"predecessor-version":[{"id":32173,"href":"https:\/\/elmetidosv.com\/index.php?rest_route=\/wp\/v2\/posts\/32170\/revisions\/32173"}],"wp:featuredmedia":[{"embeddable":true,"href":"https:\/\/elmetidosv.com\/index.php?rest_route=\/wp\/v2\/media\/32171"}],"wp:attachment":[{"href":"https:\/\/elmetidosv.com\/index.php?rest_route=%2Fwp%2Fv2%2Fmedia&parent=32170"}],"wp:term":[{"taxonomy":"category","embeddable":true,"href":"https:\/\/elmetidosv.com\/index.php?rest_route=%2Fwp%2Fv2%2Fcategories&post=32170"},{"taxonomy":"post_tag","embeddable":true,"href":"https:\/\/elmetidosv.com\/index.php?rest_route=%2Fwp%2Fv2%2Ftags&post=32170"}],"curies":[{"name":"wp","href":"https:\/\/api.w.org\/{rel}","templated":true}]}}